{"id":10012,"date":"2026-01-13T11:01:15","date_gmt":"2026-01-13T11:01:15","guid":{"rendered":"https:\/\/zango.co.ao\/?p=10012"},"modified":"2026-01-13T11:01:17","modified_gmt":"2026-01-13T11:01:17","slug":"uniao-africana-prepara-39-a-sessao-ordinaria-para-empossamento-da-nova-presidencia","status":"publish","type":"post","link":"https:\/\/zango.co.ao\/index.php\/2026\/01\/13\/uniao-africana-prepara-39-a-sessao-ordinaria-para-empossamento-da-nova-presidencia\/","title":{"rendered":"Uni\u00e3o Africana Prepara 39.\u00aa Sess\u00e3o Ordin\u00e1ria para Empossamento da Nova Presid\u00eancia"},"content":{"rendered":"\n<p>A Uni\u00e3o Africana (UA) iniciou nesta ter\u00e7a-feira, 12, em Adis Abeba, Eti\u00f3pia, a sua 51.\u00aa Sess\u00e3o Ordin\u00e1ria do Comit\u00e9 de Representantes Permanentes (CRP). <\/p>\n\n\n\n<p>O encontro serve de antec\u00e2mara para a 39.\u00aa Sess\u00e3o Ordin\u00e1ria da Confer\u00eancia de Chefes de Estado e de Governo da organiza\u00e7\u00e3o.<\/p>\n\n\n\n<p>A sess\u00e3o re\u00fane representantes permanentes (embaixadores) dos Estados-membros, bem como funcion\u00e1rios da Comiss\u00e3o da Uni\u00e3o Africana (CUA) e de outros \u00f3rg\u00e3os da UA, para deliberar sobre os temas constantes da agenda.<\/p>\n\n\n\n<p>A Rep\u00fablica de Angola, que det\u00e9m a Presid\u00eancia da organiza\u00e7\u00e3o, esteve representada pelo embaixador Miguel Bembe, que presidiu ao encontro. <\/p>\n\n\n\n<p>Na ocasi\u00e3o, defendeu uma maior coopera\u00e7\u00e3o entre os Estados-membros para enfrentar os desafios pol\u00edticos, econ\u00f3micos e securit\u00e1rios que o continente ainda enfrenta, visando garantir o bem-estar dos seus povos.<\/p>\n\n\n\n<p>A 39.\u00aa Sess\u00e3o Ordin\u00e1ria da Confer\u00eancia de Chefes de Estado e de Governo da UA realiza-se de 14 a 15 de fevereiro do presente ano.<\/p>\n\n\n\n<p>O evento culminar\u00e1 com a tomada de posse da nova presid\u00eancia rotativa da Uni\u00e3o Africana, encerrando assim o mandato da Rep\u00fablica de Angola, liderado por Jo\u00e3o Louren\u00e7o, na chefia da organiza\u00e7\u00e3o.<\/p>\n\n\n\n<p><\/p>\n","protected":false},"excerpt":{"rendered":"<p>A Uni\u00e3o Africana (UA) iniciou nesta ter\u00e7a-feira, 12, em Adis Abeba, Eti\u00f3pia, a sua 51.\u00aa Sess\u00e3o Ordin\u00e1ria do Comit\u00e9 de Representantes Permanentes (CRP). O encontro serve de antec\u00e2mara para a [&hellip;]<\/p>\n","protected":false},"author":17,"featured_media":10013,"comment_status":"open","ping_status":"open","sticky":false,"template":"","format":"standard","meta":{"_acf_changed":false,"om_disable_all_campaigns":false,"_monsterinsights_skip_tracking":false,"_monsterinsights_sitenote_active":false,"_monsterinsights_sitenote_note":"","_monsterinsights_sitenote_category":0,"_uf_show_specific_survey":0,"_uf_disable_surveys":false,"footnotes":""},"categories":[342],"tags":[],"class_list":["post-10012","post","type-post","status-publish","format-standard","has-post-thumbnail","hentry","category-africa"],"acf":[],"aioseo_notices":[],"_links":{"self":[{"href":"https:\/\/zango.co.ao\/index.php\/wp-json\/wp\/v2\/posts\/10012","targetHints":{"allow":["GET"]}}],"collection":[{"href":"https:\/\/zango.co.ao\/index.php\/wp-json\/wp\/v2\/posts"}],"about":[{"href":"https:\/\/zango.co.ao\/index.php\/wp-json\/wp\/v2\/types\/post"}],"author":[{"embeddable":true,"href":"https:\/\/zango.co.ao\/index.php\/wp-json\/wp\/v2\/users\/17"}],"replies":[{"embeddable":true,"href":"https:\/\/zango.co.ao\/index.php\/wp-json\/wp\/v2\/comments?post=10012"}],"version-history":[{"count":2,"href":"https:\/\/zango.co.ao\/index.php\/wp-json\/wp\/v2\/posts\/10012\/revisions"}],"predecessor-version":[{"id":10017,"href":"https:\/\/zango.co.ao\/index.php\/wp-json\/wp\/v2\/posts\/10012\/revisions\/10017"}],"wp:featuredmedia":[{"embeddable":true,"href":"https:\/\/zango.co.ao\/index.php\/wp-json\/wp\/v2\/media\/10013"}],"wp:attachment":[{"href":"https:\/\/zango.co.ao\/index.php\/wp-json\/wp\/v2\/media?parent=10012"}],"wp:term":[{"taxonomy":"category","embeddable":true,"href":"https:\/\/zango.co.ao\/index.php\/wp-json\/wp\/v2\/categories?post=10012"},{"taxonomy":"post_tag","embeddable":true,"href":"https:\/\/zango.co.ao\/index.php\/wp-json\/wp\/v2\/tags?post=10012"}],"curies":[{"name":"wp","href":"https:\/\/api.w.org\/{rel}","templated":true}]}}