{"id":10018,"date":"2026-01-13T13:00:20","date_gmt":"2026-01-13T13:00:20","guid":{"rendered":"https:\/\/zango.co.ao\/?p=10018"},"modified":"2026-01-13T14:30:33","modified_gmt":"2026-01-13T14:30:33","slug":"real-madrid-anuncia-saida-de-xabi-alonso-arbeloa-assume","status":"publish","type":"post","link":"https:\/\/zango.co.ao\/index.php\/2026\/01\/13\/real-madrid-anuncia-saida-de-xabi-alonso-arbeloa-assume\/","title":{"rendered":"Real Madrid Anuncia Sa\u00edda de Xabi Alonso, Arbeloa assume"},"content":{"rendered":"\n<p>\u200eO Real Madrid anunciou, esta segunda-feira, a sa\u00edda de Xabi Alonso do cargo de treinador principal da equipa, numa decis\u00e3o tomada por m\u00fatuo acordo entre o t\u00e9cnico e a dire\u00e7\u00e3o do clube. <\/p>\n\n\n\n<p>A informa\u00e7\u00e3o foi confirmada em comunicado oficial divulgado pelos merengues.\u200e\u200e\u201cXabi Alonso decidiu encerrar a sua etapa como treinador da equipa principal em comum acordo com a dire\u00e7\u00e3o do clube.<\/p>\n\n\n\n<p>\u201cXabi Alonso sempre ter\u00e1 o carinho ou e a admira\u00e7\u00e3o de todo o madridismo, porque \u00e9 uma lenda do Real Madrid e representou, em todos os momentos, os valores do nosso clube. O Real Madrid ser\u00e1 sempre a sua casa\u201d, refere a nota do emblema espanhol.\u200e\u200e<\/p>\n\n\n\n<p>A passagem de Xabi Alonso pelo banco t\u00e9cnico do Real Madrid foi curta, durando apenas sete meses, tendo come\u00e7ado no Mundial de Clubes da FIFA. <\/p>\n\n\n\n<p>Nesse torneio, a equipa foi eliminada nas meias-finais pelo Paris Saint-Germain, com uma pesada derrota por 4-0, resultado que marcou negativamente o in\u00edcio do seu trabalho.\u200e\u200e<\/p>\n\n\n\n<p>A decis\u00e3o da sa\u00edda surge um dia ap\u00f3s a derrota frente ao Barcelona na final da Superta\u00e7a de Espanha, jogo que aumentou a press\u00e3o sobre o treinador, num contexto j\u00e1 delicado devido \u00e0s expectativas elevadas em torno do projecto desportivo.\u200e\u200e<\/p>\n\n\n\n<p>Apesar dos resultados irregulares, o Real Madrid apresenta, nesta temporada, um desempenho competitivo: ocupa o segundo lugar da La Liga, a quatro pontos do Barcelona,&nbsp; est\u00e1 prestes a garantir a qualifica\u00e7\u00e3o direta para os oitavos de final da Liga dos Campe\u00f5es, e segue igualmente em prova na Ta\u00e7a do Rei.\u200e\u200e<\/p>\n\n\n\n<p>Xabi Alonso, que vestiu a camisola do Real Madrid como jogador entre 2009 e 2014, regressou ao clube agora como treinador com grande expectativa por parte dos adeptos, mas n\u00e3o conseguiu consolidar uma identidade de jogo nem alcan\u00e7ar t\u00edtulos no curto per\u00edodo em que esteve \u00e0 frente da equipa.\u200e\u200e<\/p>\n\n\n\n<p>Entretanto, o clube confirmou a nomea\u00e7\u00e3o de \u00c1lvaro Arbeloa, antigo jogador do Real Madrid e at\u00e9 ent\u00e3o treinador do Real Madrid Castilla, como novo t\u00e9cnico da equipa principal, numa aposta interna para dar continuidade imediata \u00e0 temporada.\u200e\u200e<\/p>\n\n\n\n<p>A sa\u00edda de Xabi Alonso reabre o debate sobre a instabilidade t\u00e9cnica no clube e a exig\u00eancia constante por resultados imediatos no Santiago Bernab\u00e9u.\u200e<\/p>\n\n\n\n<p><\/p>\n","protected":false},"excerpt":{"rendered":"<p>\u200eO Real Madrid anunciou, esta segunda-feira, a sa\u00edda de Xabi Alonso do cargo de treinador principal da equipa, numa decis\u00e3o tomada por m\u00fatuo acordo entre o t\u00e9cnico e a dire\u00e7\u00e3o [&hellip;]<\/p>\n","protected":false},"author":17,"featured_media":10019,"comment_status":"open","ping_status":"open","sticky":false,"template":"","format":"standard","meta":{"_acf_changed":false,"om_disable_all_campaigns":false,"_monsterinsights_skip_tracking":false,"_monsterinsights_sitenote_active":false,"_monsterinsights_sitenote_note":"","_monsterinsights_sitenote_category":0,"_uf_show_specific_survey":0,"_uf_disable_surveys":false,"footnotes":""},"categories":[630],"tags":[],"class_list":["post-10018","post","type-post","status-publish","format-standard","has-post-thumbnail","hentry","category-desporto"],"acf":[],"aioseo_notices":[],"_links":{"self":[{"href":"https:\/\/zango.co.ao\/index.php\/wp-json\/wp\/v2\/posts\/10018","targetHints":{"allow":["GET"]}}],"collection":[{"href":"https:\/\/zango.co.ao\/index.php\/wp-json\/wp\/v2\/posts"}],"about":[{"href":"https:\/\/zango.co.ao\/index.php\/wp-json\/wp\/v2\/types\/post"}],"author":[{"embeddable":true,"href":"https:\/\/zango.co.ao\/index.php\/wp-json\/wp\/v2\/users\/17"}],"replies":[{"embeddable":true,"href":"https:\/\/zango.co.ao\/index.php\/wp-json\/wp\/v2\/comments?post=10018"}],"version-history":[{"count":3,"href":"https:\/\/zango.co.ao\/index.php\/wp-json\/wp\/v2\/posts\/10018\/revisions"}],"predecessor-version":[{"id":10022,"href":"https:\/\/zango.co.ao\/index.php\/wp-json\/wp\/v2\/posts\/10018\/revisions\/10022"}],"wp:featuredmedia":[{"embeddable":true,"href":"https:\/\/zango.co.ao\/index.php\/wp-json\/wp\/v2\/media\/10019"}],"wp:attachment":[{"href":"https:\/\/zango.co.ao\/index.php\/wp-json\/wp\/v2\/media?parent=10018"}],"wp:term":[{"taxonomy":"category","embeddable":true,"href":"https:\/\/zango.co.ao\/index.php\/wp-json\/wp\/v2\/categories?post=10018"},{"taxonomy":"post_tag","embeddable":true,"href":"https:\/\/zango.co.ao\/index.php\/wp-json\/wp\/v2\/tags?post=10018"}],"curies":[{"name":"wp","href":"https:\/\/api.w.org\/{rel}","templated":true}]}}