{"id":10037,"date":"2026-01-14T13:44:49","date_gmt":"2026-01-14T13:44:49","guid":{"rendered":"https:\/\/zango.co.ao\/?p=10037"},"modified":"2026-01-14T13:44:50","modified_gmt":"2026-01-14T13:44:50","slug":"papa-leao-xiv-podera-visitar-angola","status":"publish","type":"post","link":"https:\/\/zango.co.ao\/index.php\/2026\/01\/14\/papa-leao-xiv-podera-visitar-angola\/","title":{"rendered":"Papa Le\u00e3o XIV Poder\u00e1 Visitar Angola"},"content":{"rendered":"\n<p>Papa Le\u00e3o XIV visita Angola no decurso deste ano, no \u00e2mbito de um p\u00e9riplo que vai efectuar a alguns pa\u00edses africanos, anunciou, ter\u00e7a-feira, em Luanda, o n\u00fancio apost\u00f3lico, Dom Kryspin Dubiel.<\/p>\n\n\n\n<p>Em confer\u00eancia de imprensa na Nunciatura Apost\u00f3lica, Dom Kryspin referiu que o l\u00edder cat\u00f3lico aceitou o convite formulado pelo Presidente Jo\u00e3o Louren\u00e7o e pelo Episcopado para visitar Angola, durante a digress\u00e3o que far\u00e1 ao continente africano.<\/p>\n\n\n\n<p>A visita pastoral, disse, integra a agenda internacional do Santo Padre e ter\u00e1 como foco a f\u00e9, a paz, a reconcilia\u00e7\u00e3o e a esperan\u00e7a, com encontros previstos com autoridades do Estado, l\u00edderes religiosos e fi\u00e9is. Sublinhou que o programa detalhado, incluindo datas e locais, ser\u00e1 divulgado oportunamente.<\/p>\n\n\n\n<p>\u201cNeste momento, estamos na fase de prepara\u00e7\u00e3o do plano e do programa da visita do Papa Le\u00e3o XIV ao continente africano. Quero sublinhar que, por agora, n\u00e3o temos ainda os detalhes sobre a data exacta e o programa, mas ser\u00e1 comunicado t\u00e3o logo estejam definidos\u201d, disse o representante do Papa no pa\u00eds.<\/p>\n\n\n\n<p>Dom Kryspin Dubiel esclareceu que, com o an\u00fancio da visita do Papa, se pretende orientar n\u00e3o apenas os fi\u00e9is da Igreja Cat\u00f3lica em Angola, mas tamb\u00e9m todos os cidad\u00e3os angolanos, convidando-os a estarem preparados para este acontecimento de grande import\u00e2ncia.<\/p>\n\n\n\n<p>O n\u00fancio apost\u00f3lico espera que a visita do Santo Padre seja uma ocasi\u00e3o para \u201credescobrir os valores que modelaram o povo angolano\u201d, e que esses valores possam ser partilhados com as diversas comunidades que vivem e trabalham no pa\u00eds.<\/p>\n\n\n\n<p>A confer\u00eancia de imprensa do n\u00fancio apost\u00f3lico foi testemunhada pelo presidente da Confer\u00eancia Episcopal de Angola e S\u00e3o Tom\u00e9 (CEAST), Dom Jos\u00e9 Manuel Imbamba, e pelo arcebispo de Luanda, Dom Filomeno Vieira Dias.<\/p>\n\n\n\n<p>F\u00e9 de cinco s\u00e9culos continua viva no pa\u00eds<br>O presidente da Confer\u00eancia Episcopal de Angola e S\u00e3o Tom\u00e9, Dom Jos\u00e9 Manuel Imbamba, considerou a visita de Le\u00e3o XIV a Angola um momento de gratid\u00e3o e de ac\u00e7\u00e3o de gra\u00e7as, pois representa que \u201ca f\u00e9 de cinco s\u00e9culos est\u00e1 viva\u201d.<\/p>\n\n\n\n<p>O tamb\u00e9m arcebispo de Saurimo adiantou que a o itiner\u00e1rio da visita papal \u201cser\u00e1 trabalhado\u201d, visto que haver\u00e1 uma planifica\u00e7\u00e3o atrav\u00e9s das comiss\u00f5es de trabalho, pelo facto de ser o terceiro Papa na hist\u00f3ria da evangeliza\u00e7\u00e3o a visitar Angola.<\/p>\n\n\n\n<p>\u201cO Santo Padre, com a sua visita, vai ajudar a fortalecer a miss\u00e3o evangelizadora, a paz e quest\u00f5es sociais, porque na \u00c1frica Subsariana Angola \u00e9 a mais velha no processo de evangeliza\u00e7\u00e3o\u201d, ressaltou.<\/p>\n\n\n\n<p>J\u00e1 o arcebispo de Luanda destacou o \u201csimbolismo particular\u201d da visita do Papa Le\u00e3o XIV \u00e0 cidade capital do pa\u00eds, que este ano celebra 450 anos de f\u00e9.<\/p>\n\n\n\n<p>Le\u00e3o XIV ser\u00e1 o terceiro Bispo de Roma a visitar o pa\u00eds, depois de Jo\u00e3o Paulo II, em 1992, e de Bento XVI, em 2009.<\/p>\n","protected":false},"excerpt":{"rendered":"<p>Papa Le\u00e3o XIV visita Angola no decurso deste ano, no \u00e2mbito de um p\u00e9riplo que vai efectuar a alguns pa\u00edses africanos, anunciou, ter\u00e7a-feira, em Luanda, o n\u00fancio apost\u00f3lico, Dom Kryspin [&hellip;]<\/p>\n","protected":false},"author":8,"featured_media":10038,"comment_status":"open","ping_status":"open","sticky":false,"template":"","format":"standard","meta":{"_acf_changed":false,"om_disable_all_campaigns":false,"_monsterinsights_skip_tracking":false,"_monsterinsights_sitenote_active":false,"_monsterinsights_sitenote_note":"","_monsterinsights_sitenote_category":0,"_uf_show_specific_survey":0,"_uf_disable_surveys":false,"footnotes":""},"categories":[16],"tags":[],"class_list":["post-10037","post","type-post","status-publish","format-standard","has-post-thumbnail","hentry","category-sociedade"],"acf":[],"aioseo_notices":[],"_links":{"self":[{"href":"https:\/\/zango.co.ao\/index.php\/wp-json\/wp\/v2\/posts\/10037","targetHints":{"allow":["GET"]}}],"collection":[{"href":"https:\/\/zango.co.ao\/index.php\/wp-json\/wp\/v2\/posts"}],"about":[{"href":"https:\/\/zango.co.ao\/index.php\/wp-json\/wp\/v2\/types\/post"}],"author":[{"embeddable":true,"href":"https:\/\/zango.co.ao\/index.php\/wp-json\/wp\/v2\/users\/8"}],"replies":[{"embeddable":true,"href":"https:\/\/zango.co.ao\/index.php\/wp-json\/wp\/v2\/comments?post=10037"}],"version-history":[{"count":1,"href":"https:\/\/zango.co.ao\/index.php\/wp-json\/wp\/v2\/posts\/10037\/revisions"}],"predecessor-version":[{"id":10039,"href":"https:\/\/zango.co.ao\/index.php\/wp-json\/wp\/v2\/posts\/10037\/revisions\/10039"}],"wp:featuredmedia":[{"embeddable":true,"href":"https:\/\/zango.co.ao\/index.php\/wp-json\/wp\/v2\/media\/10038"}],"wp:attachment":[{"href":"https:\/\/zango.co.ao\/index.php\/wp-json\/wp\/v2\/media?parent=10037"}],"wp:term":[{"taxonomy":"category","embeddable":true,"href":"https:\/\/zango.co.ao\/index.php\/wp-json\/wp\/v2\/categories?post=10037"},{"taxonomy":"post_tag","embeddable":true,"href":"https:\/\/zango.co.ao\/index.php\/wp-json\/wp\/v2\/tags?post=10037"}],"curies":[{"name":"wp","href":"https:\/\/api.w.org\/{rel}","templated":true}]}}