{"id":10076,"date":"2026-01-16T15:04:59","date_gmt":"2026-01-16T15:04:59","guid":{"rendered":"https:\/\/zango.co.ao\/?p=10076"},"modified":"2026-01-16T15:05:00","modified_gmt":"2026-01-16T15:05:00","slug":"tribunal-da-coreia-do-sul-condena-ex-presidente-a-5-anos","status":"publish","type":"post","link":"https:\/\/zango.co.ao\/index.php\/2026\/01\/16\/tribunal-da-coreia-do-sul-condena-ex-presidente-a-5-anos\/","title":{"rendered":"Tribunal da Coreia do Sul condena ex-presidente a 5 anos"},"content":{"rendered":"\n<p>\u200eA crise pol\u00edtica na Coreia do Sul aprofundou-se com a condena\u00e7\u00e3o, esta sexta-feira, do ex-Presidente Yoon Suk Yeol a cinco anos de pris\u00e3o, numa decis\u00e3o hist\u00f3rica que agrava a instabilidade institucional, interrompeu a diplomacia de alto n\u00edvel e abalou a confian\u00e7a dos mercados financeiros.<\/p>\n\n\n\n<p>\u200e\u200eO Tribunal Distrital Central de Seul considerou Yoon culpado de v\u00e1rias acusa\u00e7\u00f5es, entre as quais obstru\u00e7\u00e3o \u00e0 justi\u00e7a, falsifica\u00e7\u00e3o de documentos oficiais e viola\u00e7\u00e3o do devido processo legal na tentativa fracassada de impor a lei marcial, em dezembro de 2024.\u200e\u200e <\/p>\n\n\n\n<p>Segundo o tribunal, o ex-Chefe de Estado mobilizou o Servi\u00e7o de Seguran\u00e7a Presidencial para impedir que as autoridades executassem um mandado de pris\u00e3o emitido no \u00e2mbito das investiga\u00e7\u00f5es ao seu mandato.\u200e\u200e<\/p>\n\n\n\n<p>Na senten\u00e7a, o juiz principal do painel de tr\u00eas magistrados afirmou que Yoon \u201cabusou da sua enorme influ\u00eancia como presidente para impedir a execu\u00e7\u00e3o de mandados leg\u00edtimos, utilizando funcion\u00e1rios do Servi\u00e7o de Seguran\u00e7a de forma indevida, colocando interesses pessoais acima das institui\u00e7\u00f5es da Rep\u00fablica da Coreia\u201d.\u200e\u200e<\/p>\n\n\n\n<p>As declara\u00e7\u00f5es p\u00fablicas de Yoon contra o processo de destitui\u00e7\u00e3o e contra a possibilidade da sua deten\u00e7\u00e3o contribu\u00edram para acentuar a polariza\u00e7\u00e3o pol\u00edtica no pa\u00eds, num momento j\u00e1 marcado por forte tens\u00e3o entre o Executivo, o Parlamento e o sistema judicial.\u200e\u200e<\/p>\n\n\n\n<p>Em janeiro do ano passado, Yoon tornou-se o primeiro Presidente sul-coreano em fun\u00e7\u00f5es a ser detido, um epis\u00f3dio sem precedentes na hist\u00f3ria democr\u00e1tica da Coreia do Sul. <\/p>\n\n\n\n<p>Durante uma audi\u00eancia televisionada, o antigo promotor de 65 anos foi considerado culpado de n\u00e3o respeitar os procedimentos constitucionais exigidos para a decreta\u00e7\u00e3o da lei marcial, que, de acordo com a legisla\u00e7\u00e3o, deve ser discutida e aprovada em reuni\u00e3o formal do Conselho de Ministros.<\/p>\n","protected":false},"excerpt":{"rendered":"<p>\u200eA crise pol\u00edtica na Coreia do Sul aprofundou-se com a condena\u00e7\u00e3o, esta sexta-feira, do ex-Presidente Yoon Suk Yeol a cinco anos de pris\u00e3o, numa decis\u00e3o hist\u00f3rica que agrava a instabilidade [&hellip;]<\/p>\n","protected":false},"author":17,"featured_media":10077,"comment_status":"open","ping_status":"open","sticky":false,"template":"","format":"standard","meta":{"_acf_changed":false,"om_disable_all_campaigns":false,"_monsterinsights_skip_tracking":false,"_monsterinsights_sitenote_active":false,"_monsterinsights_sitenote_note":"","_monsterinsights_sitenote_category":0,"_uf_show_specific_survey":0,"_uf_disable_surveys":false,"footnotes":""},"categories":[343],"tags":[],"class_list":["post-10076","post","type-post","status-publish","format-standard","has-post-thumbnail","hentry","category-mundo"],"acf":[],"aioseo_notices":[],"_links":{"self":[{"href":"https:\/\/zango.co.ao\/index.php\/wp-json\/wp\/v2\/posts\/10076","targetHints":{"allow":["GET"]}}],"collection":[{"href":"https:\/\/zango.co.ao\/index.php\/wp-json\/wp\/v2\/posts"}],"about":[{"href":"https:\/\/zango.co.ao\/index.php\/wp-json\/wp\/v2\/types\/post"}],"author":[{"embeddable":true,"href":"https:\/\/zango.co.ao\/index.php\/wp-json\/wp\/v2\/users\/17"}],"replies":[{"embeddable":true,"href":"https:\/\/zango.co.ao\/index.php\/wp-json\/wp\/v2\/comments?post=10076"}],"version-history":[{"count":1,"href":"https:\/\/zango.co.ao\/index.php\/wp-json\/wp\/v2\/posts\/10076\/revisions"}],"predecessor-version":[{"id":10078,"href":"https:\/\/zango.co.ao\/index.php\/wp-json\/wp\/v2\/posts\/10076\/revisions\/10078"}],"wp:featuredmedia":[{"embeddable":true,"href":"https:\/\/zango.co.ao\/index.php\/wp-json\/wp\/v2\/media\/10077"}],"wp:attachment":[{"href":"https:\/\/zango.co.ao\/index.php\/wp-json\/wp\/v2\/media?parent=10076"}],"wp:term":[{"taxonomy":"category","embeddable":true,"href":"https:\/\/zango.co.ao\/index.php\/wp-json\/wp\/v2\/categories?post=10076"},{"taxonomy":"post_tag","embeddable":true,"href":"https:\/\/zango.co.ao\/index.php\/wp-json\/wp\/v2\/tags?post=10076"}],"curies":[{"name":"wp","href":"https:\/\/api.w.org\/{rel}","templated":true}]}}