{"id":10103,"date":"2026-01-20T09:01:10","date_gmt":"2026-01-20T09:01:10","guid":{"rendered":"https:\/\/zango.co.ao\/?p=10103"},"modified":"2026-01-20T09:01:11","modified_gmt":"2026-01-20T09:01:11","slug":"morreu-o-estilista-italiano-valentino","status":"publish","type":"post","link":"https:\/\/zango.co.ao\/index.php\/2026\/01\/20\/morreu-o-estilista-italiano-valentino\/","title":{"rendered":"Morreu o Estilista Italiano  Valentino"},"content":{"rendered":"\n<p>O estilista Valentino Garavani, fundador da grife Valentino, morreu nesta segunda-feira, aos 93 anos, em Roma. A morte foi anunciada por meio de um comunicado da Funda\u00e7\u00e3o Valentino Garavani e Giancarlo Giammetti.<br><\/p>\n\n\n\n<p>Fundador da grife Valentino, Garavani foi um dos maiores \u00edcones da alta-costura do s\u00e9culo XX, respons\u00e1vel por cristalizar uma imagem de glamour rom\u00e2ntico, feminino e luxuoso na moda global.<br>A import\u00e2ncia do seu trabalho \u00e9 destacada por publica\u00e7\u00f5es como Harper\u2019s Bazaar e W Magazine, que creditam ao estilista a consolida\u00e7\u00e3o da percep\u00e7\u00e3o moderna da eleg\u00e2ncia italiana.<br><\/p>\n\n\n\n<p>Apelidado de \u201cO \u00daltimo Imperador\u201d, t\u00edtulo do document\u00e1rio hom\u00f3nimo lan\u00e7ado em 2008, Valentino teve sua assinatura indissociavelmente ligada aos tapetes vermelhos e aos casamentos da alta sociedade, definindo um padr\u00e3o est\u00e9tico que perdura h\u00e1 d\u00e9cadas.<br><\/p>\n\n\n\n<p>Nascido em Voghera, na It\u00e1lia, em 1932, Valentino decidiu ainda jovem seguir a carreira de estilista, uma voca\u00e7\u00e3o despertada pelo impacto visual dos figurinos espetaculares dos filmes de Hollywood. <\/p>\n\n\n\n<p>A sua base t\u00e9cnica, no entanto, foi constru\u00edda em Fran\u00e7a.<br>Ao regressar a Roma, em 1959, abriu o seu est\u00fadio na Via Condotti e, pouco depois, conheceu Giancarlo Giammetti, que se tornaria seu parceiro de neg\u00f3cios e de vida. Juntos, estruturaram a maison cuja estreia oficial, em 1962, no Palazzo Pitti, em Floren\u00e7a, levou a marca a ser imediatamente reconhecida como sin\u00f3nimo de luxo italiano, atraindo encomendas internacionais.<br><\/p>\n\n\n\n<p>Garavani formou-se na \u00c9cole des Beaux-Arts e na Chambre Syndicale de la Couture, em Paris. O per\u00edodo como aprendiz nas casas de Jean Dess\u00e8s e Guy Laroche foi determinante para o desenvolvimento da precis\u00e3o t\u00e9cnica que marcaria a sua costura.<br><\/p>\n\n\n\n<p>A est\u00e9tica de Valentino \u00e9 descrita pela imprensa especializada como ultra-feminina e teatral na medida exata, com c\u00f3digos que incluem linhas limpas, uso de chiffon, la\u00e7os, flores e o contraste entre preto e branco.<br>O elemento central, contudo, \u00e9 o c\u00e9lebre \u201cValentino red\u201d (\u201cvermelho Valentino\u201d). Para a cr\u00edtica de moda, o tom n\u00e3o \u00e9 apenas uma cor, mas um s\u00edmbolo de glamour noturno e a representa\u00e7\u00e3o de uma mulher idealizada que \u00e9, ao mesmo tempo, poderosa e delicada.<br><\/p>\n\n\n\n<p>Essa vis\u00e3o transformou Valentino no estilista de confian\u00e7a de figuras influentes, consolidando a sua imagem junto ao jet set internacional. A sua lista de clientes incluiu nomes como Jackie Kennedy Onassis, Elizabeth Taylor, Sophia Loren e diversas princesas europeias.<br><\/p>\n\n\n\n<p>O estilo de vida do estilista, cercado por festas, pal\u00e1cios e iates, contribuiu para mitificar a pr\u00f3pria figura do couturier, ao mesmo tempo em que a maison se expandia para o pr\u00eat-\u00e0-porter e os acess\u00f3rios, sem perder a narrativa de luxo.<br><\/p>\n\n\n\n<p>Mesmo ap\u00f3s a sua aposentadoria, o legado est\u00e9tico da casa foi assumido por diretores criativos como Maria Grazia Chiuri e Pierpaolo Piccioli, que conseguiram adaptar a heran\u00e7a do fundador a um p\u00fablico contempor\u00e2neo.<br>A vida e a obra de Valentino est\u00e3o retratadas no document\u00e1rio Valentino: O \u00daltimo Imperador, de Matt Tyrnauer, lan\u00e7ado em 2008.<\/p>\n\n\n\n<p><\/p>\n","protected":false},"excerpt":{"rendered":"<p>O estilista Valentino Garavani, fundador da grife Valentino, morreu nesta segunda-feira, aos 93 anos, em Roma. A morte foi anunciada por meio de um comunicado da Funda\u00e7\u00e3o Valentino Garavani e [&hellip;]<\/p>\n","protected":false},"author":17,"featured_media":10104,"comment_status":"open","ping_status":"open","sticky":false,"template":"","format":"standard","meta":{"_acf_changed":false,"om_disable_all_campaigns":false,"_monsterinsights_skip_tracking":false,"_monsterinsights_sitenote_active":false,"_monsterinsights_sitenote_note":"","_monsterinsights_sitenote_category":0,"_uf_show_specific_survey":0,"_uf_disable_surveys":false,"footnotes":""},"categories":[645],"tags":[],"class_list":["post-10103","post","type-post","status-publish","format-standard","has-post-thumbnail","hentry","category-famosos"],"acf":[],"aioseo_notices":[],"_links":{"self":[{"href":"https:\/\/zango.co.ao\/index.php\/wp-json\/wp\/v2\/posts\/10103","targetHints":{"allow":["GET"]}}],"collection":[{"href":"https:\/\/zango.co.ao\/index.php\/wp-json\/wp\/v2\/posts"}],"about":[{"href":"https:\/\/zango.co.ao\/index.php\/wp-json\/wp\/v2\/types\/post"}],"author":[{"embeddable":true,"href":"https:\/\/zango.co.ao\/index.php\/wp-json\/wp\/v2\/users\/17"}],"replies":[{"embeddable":true,"href":"https:\/\/zango.co.ao\/index.php\/wp-json\/wp\/v2\/comments?post=10103"}],"version-history":[{"count":2,"href":"https:\/\/zango.co.ao\/index.php\/wp-json\/wp\/v2\/posts\/10103\/revisions"}],"predecessor-version":[{"id":10109,"href":"https:\/\/zango.co.ao\/index.php\/wp-json\/wp\/v2\/posts\/10103\/revisions\/10109"}],"wp:featuredmedia":[{"embeddable":true,"href":"https:\/\/zango.co.ao\/index.php\/wp-json\/wp\/v2\/media\/10104"}],"wp:attachment":[{"href":"https:\/\/zango.co.ao\/index.php\/wp-json\/wp\/v2\/media?parent=10103"}],"wp:term":[{"taxonomy":"category","embeddable":true,"href":"https:\/\/zango.co.ao\/index.php\/wp-json\/wp\/v2\/categories?post=10103"},{"taxonomy":"post_tag","embeddable":true,"href":"https:\/\/zango.co.ao\/index.php\/wp-json\/wp\/v2\/tags?post=10103"}],"curies":[{"name":"wp","href":"https:\/\/api.w.org\/{rel}","templated":true}]}}