{"id":10752,"date":"2026-03-03T11:24:35","date_gmt":"2026-03-03T11:24:35","guid":{"rendered":"https:\/\/zango.co.ao\/?p=10752"},"modified":"2026-03-03T14:15:58","modified_gmt":"2026-03-03T14:15:58","slug":"ex-presidente-senegales-e-candidato-a-secretario-geral-da-onu","status":"publish","type":"post","link":"https:\/\/zango.co.ao\/index.php\/2026\/03\/03\/ex-presidente-senegales-e-candidato-a-secretario-geral-da-onu\/","title":{"rendered":"Ex-presidente Senegal\u00eas \u00e9 Candidato a Secret\u00e1rio-geral da ONU"},"content":{"rendered":"\n<p>O Burundi apresentou, esta segunda-feira 2 de Mar\u00e7o, a candidatura do ex-Presidente senegal\u00eas, Macky Sall para substituir o secret\u00e1rio-geral da Organiza\u00e7\u00e3o das Na\u00e7\u00f5es Unidas (ONU), Ant\u00f3nio Guterres.<\/p>\n\n\n\n<p>O an\u00fancio foi feito pela porta-voz do presidente da Assembleia Geral da ONU.<\/p>\n\n\n\n<p>Macky Sall foi nomeado pelo Burundi, que entregou a documenta\u00e7\u00e3o necess\u00e1ria durante a manh\u00e3, segundo a mesma fonte.<\/p>\n\n\n\n<p>A candidatura n\u00e3o foi apresentada pelo Senegal, uma vez que Macky Sall \u00e9 acusado pelos actuais dirigentes do seu pa\u00eds de ter ocultado dados econ\u00f3micos relevantes, nomeadamente relacionados com a d\u00edvida p\u00fablica.<\/p>\n\n\n\n<p>O chefe de Estado senegal\u00eas, Bassirou Diomaye Faye, que venceu as elei\u00e7\u00f5es presidenciais em Mar\u00e7o de 2024, e o primeiro-ministro, Ousmane Sonko, acusam os anteriores dirigentes do Senegal de terem cometido actos il\u00edcitos na gest\u00e3o dos assuntos do pa\u00eds e prometeram responsabiliz\u00e1-los, incluindo Macky Sall, que presidiu o Senegal entre 2012 e 2024.<\/p>\n\n\n\n<p>O actual secret\u00e1rio-geral da ONU, o portugu\u00eas, Ant\u00f3nio Guterres, assumiu o cargo em 1 de Janeiro de 2017, tendo sido reconduzido para um segundo mandato de cinco anos, iniciado em Janeiro de 2022, que termina a 31 de Dezembro de 2026.<\/p>\n","protected":false},"excerpt":{"rendered":"<p>O Burundi apresentou, esta segunda-feira 2 de Mar\u00e7o, a candidatura do ex-Presidente senegal\u00eas, Macky Sall para substituir o secret\u00e1rio-geral da Organiza\u00e7\u00e3o das Na\u00e7\u00f5es Unidas (ONU), Ant\u00f3nio Guterres. O an\u00fancio foi [&hellip;]<\/p>\n","protected":false},"author":8,"featured_media":10753,"comment_status":"open","ping_status":"open","sticky":false,"template":"","format":"standard","meta":{"_acf_changed":false,"om_disable_all_campaigns":false,"_monsterinsights_skip_tracking":false,"_monsterinsights_sitenote_active":false,"_monsterinsights_sitenote_note":"","_monsterinsights_sitenote_category":0,"_uf_show_specific_survey":0,"_uf_disable_surveys":false,"footnotes":""},"categories":[342],"tags":[],"class_list":["post-10752","post","type-post","status-publish","format-standard","has-post-thumbnail","hentry","category-africa"],"acf":[],"aioseo_notices":[],"_links":{"self":[{"href":"https:\/\/zango.co.ao\/index.php\/wp-json\/wp\/v2\/posts\/10752","targetHints":{"allow":["GET"]}}],"collection":[{"href":"https:\/\/zango.co.ao\/index.php\/wp-json\/wp\/v2\/posts"}],"about":[{"href":"https:\/\/zango.co.ao\/index.php\/wp-json\/wp\/v2\/types\/post"}],"author":[{"embeddable":true,"href":"https:\/\/zango.co.ao\/index.php\/wp-json\/wp\/v2\/users\/8"}],"replies":[{"embeddable":true,"href":"https:\/\/zango.co.ao\/index.php\/wp-json\/wp\/v2\/comments?post=10752"}],"version-history":[{"count":2,"href":"https:\/\/zango.co.ao\/index.php\/wp-json\/wp\/v2\/posts\/10752\/revisions"}],"predecessor-version":[{"id":10765,"href":"https:\/\/zango.co.ao\/index.php\/wp-json\/wp\/v2\/posts\/10752\/revisions\/10765"}],"wp:featuredmedia":[{"embeddable":true,"href":"https:\/\/zango.co.ao\/index.php\/wp-json\/wp\/v2\/media\/10753"}],"wp:attachment":[{"href":"https:\/\/zango.co.ao\/index.php\/wp-json\/wp\/v2\/media?parent=10752"}],"wp:term":[{"taxonomy":"category","embeddable":true,"href":"https:\/\/zango.co.ao\/index.php\/wp-json\/wp\/v2\/categories?post=10752"},{"taxonomy":"post_tag","embeddable":true,"href":"https:\/\/zango.co.ao\/index.php\/wp-json\/wp\/v2\/tags?post=10752"}],"curies":[{"name":"wp","href":"https:\/\/api.w.org\/{rel}","templated":true}]}}