{"id":10786,"date":"2026-03-05T07:27:33","date_gmt":"2026-03-05T07:27:33","guid":{"rendered":"https:\/\/zango.co.ao\/?p=10786"},"modified":"2026-03-05T07:27:35","modified_gmt":"2026-03-05T07:27:35","slug":"cidadaos-africanos-estao-entre-as-58-pessoas-feridas-em-ataques-iranianos-nos-emirados-arabes-unidos","status":"publish","type":"post","link":"https:\/\/zango.co.ao\/index.php\/2026\/03\/05\/cidadaos-africanos-estao-entre-as-58-pessoas-feridas-em-ataques-iranianos-nos-emirados-arabes-unidos\/","title":{"rendered":"Cidad\u00e3os Africanos Est\u00e3o entre as 58 Pessoas Feridas em Ataques Iranianos nos Emirados \u00c1rabes Unidos"},"content":{"rendered":"\n<p>Tr\u00eas pessoas do Paquist\u00e3o, Nepal e Bangladesh morreram no ataque registado no fim de semana, informou o minist\u00e9rio. Outras 58 ficaram feridas, a maioria com les\u00f5es ligeiras. Entre os feridos est\u00e3o cidad\u00e3os da Eti\u00f3pia, Eritreia, Uganda, Egito e de v\u00e1rios pa\u00edses asi\u00e1ticos.<\/p>\n\n\n\n<p>Desde s\u00e1bado, o Ir\u00e3o lan\u00e7ou dezenas de m\u00edsseis bal\u00edsticos contra os Emirados \u00c1rabes Unidos, na sequ\u00eancia da campanha conjunta de bombardeamentos iniciada por Israel e Estados Unidos contra a Rep\u00fablica Isl\u00e2mica.Em resposta, Teer\u00e3o intensificou ataques com drones e m\u00edsseis contra Israel e contra v\u00e1rias bases militares norte-americanas na regi\u00e3o, incluindo nos Emirados \u00c1rabes Unidos.<\/p>\n\n\n\n<p>O conflito j\u00e1 provoca impactos significativos na avia\u00e7\u00e3o internacional. Diversas rotas e espa\u00e7os a\u00e9reos foram encerrados, nomeadamente em Dubai, Doha e Abu Dhabi, importantes centros de liga\u00e7\u00e3o entre a Europa, \u00c1sia, \u00c1frica e Am\u00e9rica do Norte.<\/p>\n\n\n\n<p>Companhias a\u00e9reas reavaliam itiner\u00e1rios enquanto governos acompanham a evolu\u00e7\u00e3o da situa\u00e7\u00e3o de seguran\u00e7a. Milhares de viajantes permanecem retidos, aguardando a reabertura do espa\u00e7o a\u00e9reo.<\/p>\n","protected":false},"excerpt":{"rendered":"<p>Tr\u00eas pessoas do Paquist\u00e3o, Nepal e Bangladesh morreram no ataque registado no fim de semana, informou o minist\u00e9rio. Outras 58 ficaram feridas, a maioria com les\u00f5es ligeiras. Entre os feridos [&hellip;]<\/p>\n","protected":false},"author":17,"featured_media":10787,"comment_status":"open","ping_status":"open","sticky":false,"template":"","format":"standard","meta":{"_acf_changed":false,"om_disable_all_campaigns":false,"_monsterinsights_skip_tracking":false,"_monsterinsights_sitenote_active":false,"_monsterinsights_sitenote_note":"","_monsterinsights_sitenote_category":0,"_uf_show_specific_survey":0,"_uf_disable_surveys":false,"footnotes":""},"categories":[342],"tags":[],"class_list":["post-10786","post","type-post","status-publish","format-standard","has-post-thumbnail","hentry","category-africa"],"acf":[],"aioseo_notices":[],"_links":{"self":[{"href":"https:\/\/zango.co.ao\/index.php\/wp-json\/wp\/v2\/posts\/10786","targetHints":{"allow":["GET"]}}],"collection":[{"href":"https:\/\/zango.co.ao\/index.php\/wp-json\/wp\/v2\/posts"}],"about":[{"href":"https:\/\/zango.co.ao\/index.php\/wp-json\/wp\/v2\/types\/post"}],"author":[{"embeddable":true,"href":"https:\/\/zango.co.ao\/index.php\/wp-json\/wp\/v2\/users\/17"}],"replies":[{"embeddable":true,"href":"https:\/\/zango.co.ao\/index.php\/wp-json\/wp\/v2\/comments?post=10786"}],"version-history":[{"count":2,"href":"https:\/\/zango.co.ao\/index.php\/wp-json\/wp\/v2\/posts\/10786\/revisions"}],"predecessor-version":[{"id":10789,"href":"https:\/\/zango.co.ao\/index.php\/wp-json\/wp\/v2\/posts\/10786\/revisions\/10789"}],"wp:featuredmedia":[{"embeddable":true,"href":"https:\/\/zango.co.ao\/index.php\/wp-json\/wp\/v2\/media\/10787"}],"wp:attachment":[{"href":"https:\/\/zango.co.ao\/index.php\/wp-json\/wp\/v2\/media?parent=10786"}],"wp:term":[{"taxonomy":"category","embeddable":true,"href":"https:\/\/zango.co.ao\/index.php\/wp-json\/wp\/v2\/categories?post=10786"},{"taxonomy":"post_tag","embeddable":true,"href":"https:\/\/zango.co.ao\/index.php\/wp-json\/wp\/v2\/tags?post=10786"}],"curies":[{"name":"wp","href":"https:\/\/api.w.org\/{rel}","templated":true}]}}