{"id":10794,"date":"2026-03-05T09:03:22","date_gmt":"2026-03-05T09:03:22","guid":{"rendered":"https:\/\/zango.co.ao\/?p=10794"},"modified":"2026-03-05T12:28:18","modified_gmt":"2026-03-05T12:28:18","slug":"presidente-da-republica-trabalha-com-comissao-que-prepara-visita-do-papa-leao-xiv","status":"publish","type":"post","link":"https:\/\/zango.co.ao\/index.php\/2026\/03\/05\/presidente-da-republica-trabalha-com-comissao-que-prepara-visita-do-papa-leao-xiv\/","title":{"rendered":"Presidente da Rep\u00fablica Trabalha com Comiss\u00e3o que Prepara Visita do Papa Le\u00e3o XIV"},"content":{"rendered":"\n<p>O Presidente da Rep\u00fablica, Jo\u00e3o Louren\u00e7o, reuniu-se ontem com a comiss\u00e3o multissetorial encarregue de preparar a visita pastoral a Angola do Papa Le\u00e3o XIV, agendada para o per\u00edodo de 18 a 21 de Abril pr\u00f3ximo.<\/p>\n\n\n\n<p>O encontro teve como objectivo avaliar o estado de prepara\u00e7\u00e3o da visita papal e trabalhar nos principais detalhes da presen\u00e7a do l\u00edder da Igreja Cat\u00f3lica no pa\u00eds.<\/p>\n\n\n\n<p>Durante a reuni\u00e3o, foi apresentada a agenda do Papa, que inclui eventos nas cidades de Luanda, Muxima e Saurimo, consideradas pontos centrais da desloca\u00e7\u00e3o pastoral.<\/p>\n\n\n\n<p>A desloca\u00e7\u00e3o de Sua Santidade inclui trajectos oficiais, entre os quais o cortejo na sua visita oficial, realizado no papam\u00f3vel, desde o Aeroporto Internacional 4 de Fevereiro at\u00e9 ao Pal\u00e1cio Presidencial, o que implica uma prepara\u00e7\u00e3o espec\u00edfica em mat\u00e9ria de seguran\u00e7a e organiza\u00e7\u00e3o.<\/p>\n\n\n\n<p>Por sua vez, a ministra da Cultura, Maria do Ros\u00e1rio Bragan\u00e7a, apelou ao envolvimento de todos os angolanos, independentemente da confiss\u00e3o religiosa, sublinhando que se trata da visita de uma entidade promotora de valores como a unidade, o humanismo e a solidariedade. \u201c\u00c9 uma visita que deve mobilizar o esp\u00edrito de unidade nacional\u201d, afirmou.<\/p>\n\n\n\n<p>Na ocasi\u00e3o, a comiss\u00e3o multissetorial apresentou um ponto de situa\u00e7\u00e3o sobre os preparativos, abordando aspectos protocolares, log\u00edsticos e organizativos necess\u00e1rios para garantir o sucesso do evento.<\/p>\n\n\n\n<p>A comiss\u00e3o, coordenada por Maria do Ros\u00e1rio Bragan\u00e7a, integra os ministros de Estado e os chefes da Casa Civil e da Casa Militar do Presidente da Rep\u00fablica, bem como os ministros do Interior, das Rela\u00e7\u00f5es Exteriores, das Finan\u00e7as, da Administra\u00e7\u00e3o do Territ\u00f3rio, das Obras P\u00fablicas, Urbanismo e Habita\u00e7\u00e3o, da Energia e \u00c1guas, dos Transportes, das Telecomunica\u00e7\u00f5es, Tecnologias de Informa\u00e7\u00e3o e Comunica\u00e7\u00e3o Social, da Cultura e da Sa\u00fade.<\/p>\n\n\n\n<p>Integram ainda a comiss\u00e3o o ministro e director do Gabinete do Presidente da Rep\u00fablica, os governadores das prov\u00edncias de Luanda e de Icolo e Bengo, os secret\u00e1rios do Presidente da Rep\u00fablica para os Assuntos Diplom\u00e1ticos e de Coopera\u00e7\u00e3o Internacional e para os Assuntos de Comunica\u00e7\u00e3o Institucional e Imprensa, assim como o director do Cerimonial do Presidente da Rep\u00fablica e o comandante da Unidade de Seguran\u00e7a Presidencial.<\/p>\n","protected":false},"excerpt":{"rendered":"<p>O Presidente da Rep\u00fablica, Jo\u00e3o Louren\u00e7o, reuniu-se ontem com a comiss\u00e3o multissetorial encarregue de preparar a visita pastoral a Angola do Papa Le\u00e3o XIV, agendada para o per\u00edodo de 18 [&hellip;]<\/p>\n","protected":false},"author":17,"featured_media":10795,"comment_status":"open","ping_status":"open","sticky":false,"template":"","format":"standard","meta":{"_acf_changed":false,"om_disable_all_campaigns":false,"_monsterinsights_skip_tracking":false,"_monsterinsights_sitenote_active":false,"_monsterinsights_sitenote_note":"","_monsterinsights_sitenote_category":0,"_uf_show_specific_survey":0,"_uf_disable_surveys":false,"footnotes":""},"categories":[103],"tags":[],"class_list":["post-10794","post","type-post","status-publish","format-standard","has-post-thumbnail","hentry","category-politics"],"acf":[],"aioseo_notices":[],"_links":{"self":[{"href":"https:\/\/zango.co.ao\/index.php\/wp-json\/wp\/v2\/posts\/10794","targetHints":{"allow":["GET"]}}],"collection":[{"href":"https:\/\/zango.co.ao\/index.php\/wp-json\/wp\/v2\/posts"}],"about":[{"href":"https:\/\/zango.co.ao\/index.php\/wp-json\/wp\/v2\/types\/post"}],"author":[{"embeddable":true,"href":"https:\/\/zango.co.ao\/index.php\/wp-json\/wp\/v2\/users\/17"}],"replies":[{"embeddable":true,"href":"https:\/\/zango.co.ao\/index.php\/wp-json\/wp\/v2\/comments?post=10794"}],"version-history":[{"count":2,"href":"https:\/\/zango.co.ao\/index.php\/wp-json\/wp\/v2\/posts\/10794\/revisions"}],"predecessor-version":[{"id":10802,"href":"https:\/\/zango.co.ao\/index.php\/wp-json\/wp\/v2\/posts\/10794\/revisions\/10802"}],"wp:featuredmedia":[{"embeddable":true,"href":"https:\/\/zango.co.ao\/index.php\/wp-json\/wp\/v2\/media\/10795"}],"wp:attachment":[{"href":"https:\/\/zango.co.ao\/index.php\/wp-json\/wp\/v2\/media?parent=10794"}],"wp:term":[{"taxonomy":"category","embeddable":true,"href":"https:\/\/zango.co.ao\/index.php\/wp-json\/wp\/v2\/categories?post=10794"},{"taxonomy":"post_tag","embeddable":true,"href":"https:\/\/zango.co.ao\/index.php\/wp-json\/wp\/v2\/tags?post=10794"}],"curies":[{"name":"wp","href":"https:\/\/api.w.org\/{rel}","templated":true}]}}