{"id":10864,"date":"2026-03-11T13:02:40","date_gmt":"2026-03-11T13:02:40","guid":{"rendered":"https:\/\/zango.co.ao\/?p=10864"},"modified":"2026-03-11T13:02:43","modified_gmt":"2026-03-11T13:02:43","slug":"presidente-interino-do-madagascar-dissolve-governo-em-meio-a-pressao-de-protestos","status":"publish","type":"post","link":"https:\/\/zango.co.ao\/index.php\/2026\/03\/11\/presidente-interino-do-madagascar-dissolve-governo-em-meio-a-pressao-de-protestos\/","title":{"rendered":"Presidente interino do Madagascar dissolve governo em meio a press\u00e3o de protestos"},"content":{"rendered":"\n<p>O presidente interino de Madagascar, Michael Randrianirina, anunciou esta segunda-feira a dissolu\u00e7\u00e3o de todo o governo, incluindo a destitui\u00e7\u00e3o do primeiro-ministro, numa decis\u00e3o que surge em meio a uma crescente onda de protestos no pa\u00eds.<\/p>\n\n\n\n<p>\u200e\u200eA informa\u00e7\u00e3o foi divulgada pelo porta-voz oficial do executivo, que adiantou que o chefe de Estado interino dever\u00e1 nomear um novo primeiro-ministro, conforme previsto na Constitui\u00e7\u00e3o. No entanto, n\u00e3o foram apresentadas raz\u00f5es oficiais para a dissolu\u00e7\u00e3o do governo.\u200e\u200e<\/p>\n\n\n\n<p>Randrianirina assumiu a lideran\u00e7a do pa\u00eds em outubro passado, ap\u00f3s a fuga do ent\u00e3o presidente durante manifesta\u00e7\u00f5es populares que tomaram as ruas da capital, Antananarivo.\u200e\u200e<\/p>\n\n\n\n<p>Os protestos tiveram in\u00edcio em setembro, quando milhares de jovens sa\u00edram \u00e0s ruas para denunciar a escassez persistente de \u00e1gua e electricidade.<\/p>\n\n\n\n<p> Com o passar das semanas, as manifesta\u00e7\u00f5es evolu\u00edram para um movimento mais amplo de contesta\u00e7\u00e3o ao governo.\u200e\u200eConhecidas como \u201cprotestos da Gera\u00e7\u00e3o Z\u201d, as manifesta\u00e7\u00f5es ocorreram sob o lema \u201cqueremos viver, n\u00e3o sobreviver\u201d, reunindo milhares de jovens que exigem melhores condi\u00e7\u00f5es de vida e maior participa\u00e7\u00e3o pol\u00edtica.\u200e\u200e<\/p>\n\n\n\n<p>Segundo informa\u00e7\u00f5es das Na\u00e7\u00f5es Unidas, parte das mortes registadas durante os protestos ocorreu ap\u00f3s interven\u00e7\u00f5es policiais para dispersar os manifestantes, com recurso a g\u00e1s lacrimog\u00e9neo e balas de borracha. <\/p>\n\n\n\n<p>Outras v\u00edtimas foram registadas em confrontos e em actos de criminalidade ocorridos durante o caos nas ruas.<\/p>\n\n\n\n<p>\u200e\u200eA situa\u00e7\u00e3o pol\u00edtica no pa\u00eds tamb\u00e9m tem sido acompanhada pela Comunidade de Desenvolvimento da \u00c1frica Austral (SADC), que orientou as autoridades malgaxes a definirem um roteiro para o regresso \u00e0 democracia, incluindo a realiza\u00e7\u00e3o de elei\u00e7\u00f5es at\u00e9 fevereiro.\u200e\u200e<\/p>\n\n\n\n<p>Entretanto, movimentos juvenis ligados \u00e0s gera\u00e7\u00f5es Y e Z aumentaram a press\u00e3o sobre o governo interino, chegando a emitir um ultimato de 72 horas ao presidente, alegando frustra\u00e7\u00e3o com o desempenho do executivo e exigindo maior inclus\u00e3o nas decis\u00f5es pol\u00edticas.<\/p>\n\n\n\n<p>\u200e\u200eCom a dissolu\u00e7\u00e3o do governo, cresce agora a expectativa sobre os pr\u00f3ximos passos da lideran\u00e7a interina e sobre o futuro pol\u00edtico de Madagascar, num momento de elevada tens\u00e3o social e institucional.<\/p>\n\n\n\n<p><\/p>\n","protected":false},"excerpt":{"rendered":"<p>O presidente interino de Madagascar, Michael Randrianirina, anunciou esta segunda-feira a dissolu\u00e7\u00e3o de todo o governo, incluindo a destitui\u00e7\u00e3o do primeiro-ministro, numa decis\u00e3o que surge em meio a uma crescente [&hellip;]<\/p>\n","protected":false},"author":17,"featured_media":10865,"comment_status":"open","ping_status":"open","sticky":false,"template":"","format":"standard","meta":{"_acf_changed":false,"om_disable_all_campaigns":false,"_monsterinsights_skip_tracking":false,"_monsterinsights_sitenote_active":false,"_monsterinsights_sitenote_note":"","_monsterinsights_sitenote_category":0,"_uf_show_specific_survey":0,"_uf_disable_surveys":false,"footnotes":""},"categories":[342],"tags":[],"class_list":["post-10864","post","type-post","status-publish","format-standard","has-post-thumbnail","hentry","category-africa"],"acf":[],"aioseo_notices":[],"_links":{"self":[{"href":"https:\/\/zango.co.ao\/index.php\/wp-json\/wp\/v2\/posts\/10864","targetHints":{"allow":["GET"]}}],"collection":[{"href":"https:\/\/zango.co.ao\/index.php\/wp-json\/wp\/v2\/posts"}],"about":[{"href":"https:\/\/zango.co.ao\/index.php\/wp-json\/wp\/v2\/types\/post"}],"author":[{"embeddable":true,"href":"https:\/\/zango.co.ao\/index.php\/wp-json\/wp\/v2\/users\/17"}],"replies":[{"embeddable":true,"href":"https:\/\/zango.co.ao\/index.php\/wp-json\/wp\/v2\/comments?post=10864"}],"version-history":[{"count":1,"href":"https:\/\/zango.co.ao\/index.php\/wp-json\/wp\/v2\/posts\/10864\/revisions"}],"predecessor-version":[{"id":10866,"href":"https:\/\/zango.co.ao\/index.php\/wp-json\/wp\/v2\/posts\/10864\/revisions\/10866"}],"wp:featuredmedia":[{"embeddable":true,"href":"https:\/\/zango.co.ao\/index.php\/wp-json\/wp\/v2\/media\/10865"}],"wp:attachment":[{"href":"https:\/\/zango.co.ao\/index.php\/wp-json\/wp\/v2\/media?parent=10864"}],"wp:term":[{"taxonomy":"category","embeddable":true,"href":"https:\/\/zango.co.ao\/index.php\/wp-json\/wp\/v2\/categories?post=10864"},{"taxonomy":"post_tag","embeddable":true,"href":"https:\/\/zango.co.ao\/index.php\/wp-json\/wp\/v2\/tags?post=10864"}],"curies":[{"name":"wp","href":"https:\/\/api.w.org\/{rel}","templated":true}]}}