{"id":10927,"date":"2026-03-17T19:20:50","date_gmt":"2026-03-17T19:20:50","guid":{"rendered":"https:\/\/zango.co.ao\/?p=10927"},"modified":"2026-03-17T19:20:52","modified_gmt":"2026-03-17T19:20:52","slug":"morreu-rui-mangueira-jurista-e-antigo-ministro-da-justica","status":"publish","type":"post","link":"https:\/\/zango.co.ao\/index.php\/2026\/03\/17\/morreu-rui-mangueira-jurista-e-antigo-ministro-da-justica\/","title":{"rendered":"Morreu Rui Mangueira, Jurista e Antigo Ministro da Justi\u00e7a"},"content":{"rendered":"\n<p>O jurista e diplomata angolano Rui Jorge Carneiro Mangueira, antigo ministro da Justi\u00e7a e dos Direitos Humanos, faleceu ap\u00f3s doen\u00e7a prolongada, aos 63 anos, na tarde desta ter\u00e7a-feira, 17 de mar\u00e7o, em Pamplona, Espanha, segundo informa\u00e7\u00f5es avan\u00e7adas por fontes pr\u00f3ximas da fam\u00edlia.<br>\u200e<br>\u200eRui Mangueira era considerado uma figura de refer\u00eancia na vida jur\u00eddica e pol\u00edtica de Angola, com um percurso marcado pelo exerc\u00edcio de fun\u00e7\u00f5es de elevada responsabilidade no Estado. Entre 2012 e 2017, integrou o Executivo como ministro da Justi\u00e7a e dos Direitos Humanos, per\u00edodo em que esteve associado a iniciativas de reforma no sector e \u00e0 moderniza\u00e7\u00e3o dos servi\u00e7os de registo e notariado.<br>\u200e<br>\u200eO malogrado desempenhou igualmente fun\u00e7\u00f5es diplom\u00e1ticas, tendo sido embaixador de Angola no Reino Unido, al\u00e9m de ter exercido responsabilidades no sector financeiro, onde tamb\u00e9m ocupou cargos de gest\u00e3o de relevo.<br>\u200e<br>\u200e<br>\u200eJurista de forma\u00e7\u00e3o, Rui Mangueira era reconhecido pela sua longa liga\u00e7\u00e3o \u00e0s institui\u00e7\u00f5es do Estado, sendo considerado um dos quadros com experi\u00eancia nas \u00e1reas jur\u00eddica, governativa e diplom\u00e1tica.<br>\u200e<\/p>\n","protected":false},"excerpt":{"rendered":"<p>O jurista e diplomata angolano Rui Jorge Carneiro Mangueira, antigo ministro da Justi\u00e7a e dos Direitos Humanos, faleceu ap\u00f3s doen\u00e7a prolongada, aos 63 anos, na tarde desta ter\u00e7a-feira, 17 de [&hellip;]<\/p>\n","protected":false},"author":8,"featured_media":10929,"comment_status":"open","ping_status":"open","sticky":false,"template":"","format":"standard","meta":{"_acf_changed":false,"om_disable_all_campaigns":false,"_monsterinsights_skip_tracking":false,"_monsterinsights_sitenote_active":false,"_monsterinsights_sitenote_note":"","_monsterinsights_sitenote_category":0,"_uf_show_specific_survey":0,"_uf_disable_surveys":false,"footnotes":""},"categories":[632],"tags":[],"class_list":["post-10927","post","type-post","status-publish","format-standard","has-post-thumbnail","hentry","category-noticias"],"acf":[],"aioseo_notices":[],"_links":{"self":[{"href":"https:\/\/zango.co.ao\/index.php\/wp-json\/wp\/v2\/posts\/10927","targetHints":{"allow":["GET"]}}],"collection":[{"href":"https:\/\/zango.co.ao\/index.php\/wp-json\/wp\/v2\/posts"}],"about":[{"href":"https:\/\/zango.co.ao\/index.php\/wp-json\/wp\/v2\/types\/post"}],"author":[{"embeddable":true,"href":"https:\/\/zango.co.ao\/index.php\/wp-json\/wp\/v2\/users\/8"}],"replies":[{"embeddable":true,"href":"https:\/\/zango.co.ao\/index.php\/wp-json\/wp\/v2\/comments?post=10927"}],"version-history":[{"count":1,"href":"https:\/\/zango.co.ao\/index.php\/wp-json\/wp\/v2\/posts\/10927\/revisions"}],"predecessor-version":[{"id":10928,"href":"https:\/\/zango.co.ao\/index.php\/wp-json\/wp\/v2\/posts\/10927\/revisions\/10928"}],"wp:featuredmedia":[{"embeddable":true,"href":"https:\/\/zango.co.ao\/index.php\/wp-json\/wp\/v2\/media\/10929"}],"wp:attachment":[{"href":"https:\/\/zango.co.ao\/index.php\/wp-json\/wp\/v2\/media?parent=10927"}],"wp:term":[{"taxonomy":"category","embeddable":true,"href":"https:\/\/zango.co.ao\/index.php\/wp-json\/wp\/v2\/categories?post=10927"},{"taxonomy":"post_tag","embeddable":true,"href":"https:\/\/zango.co.ao\/index.php\/wp-json\/wp\/v2\/tags?post=10927"}],"curies":[{"name":"wp","href":"https:\/\/api.w.org\/{rel}","templated":true}]}}