{"id":11445,"date":"2026-04-27T11:05:14","date_gmt":"2026-04-27T11:05:14","guid":{"rendered":"https:\/\/zango.co.ao\/?p=11445"},"modified":"2026-04-27T11:28:01","modified_gmt":"2026-04-27T11:28:01","slug":"angola-participa-na-reuniao-da-cupula-mundial-da-saude","status":"publish","type":"post","link":"https:\/\/zango.co.ao\/index.php\/2026\/04\/27\/angola-participa-na-reuniao-da-cupula-mundial-da-saude\/","title":{"rendered":"Angola Participa na Reuni\u00e3o da C\u00fapula Mundial da Sa\u00fade"},"content":{"rendered":"\n<p>Angola marca presen\u00e7a na C\u00fapula Mundial da Sa\u00fade no Qu\u00e9niaA ministra da Sa\u00fade, S\u00edlvia Lutucuta, deslocou-se na manh\u00e3 deste domingo \u00e0 cidade de Nair\u00f3bi, no Qu\u00e9nia, onde participar\u00e1 na Reuni\u00e3o Regional da C\u00fapula Mundial da Sa\u00fade 2026, que decorre de 27 a 29 de abril, nas instala\u00e7\u00f5es do Escrit\u00f3rio das Na\u00e7\u00f5es Unidas.<\/p>\n\n\n\n<p>A governante viaja acompanhada por uma ampla delega\u00e7\u00e3o do Minist\u00e9rio da Sa\u00fade, composta por quadros superiores e representantes do Projecto de Forma\u00e7\u00e3o de Recursos Humanos para a Cobertura Universal de Sa\u00fade (PFRHS \u2013 UIP).<\/p>\n\n\n\n<p>Num comunicado enviado ao Jornal de Angola Online, o Minist\u00e9rio da Sa\u00fade destaca que esta miss\u00e3o contribui para refor\u00e7ar a presen\u00e7a de Angola nos principais espa\u00e7os internacionais de tomada de decis\u00e3o no sector da sa\u00fade.<\/p>\n\n\n\n<p>Promovida pela Universidade Aga Khan, a cimeira \u00e9 reconhecida como uma das mais importantes plataformas globais de debate estrat\u00e9gico em sa\u00fade, reunindo dirigentes pol\u00edticos, especialistas, institui\u00e7\u00f5es acad\u00e9micas, parceiros multilaterais e membros da sociedade civil provenientes de mais de 50 pa\u00edses.<\/p>\n\n\n\n<p>Sob o lema \u201cReimaginando os Sistemas de Sa\u00fade Africanos: Inova\u00e7\u00e3o, Integra\u00e7\u00e3o e Interdepend\u00eancia\u201d, o encontro ir\u00e1 abordar quest\u00f5es essenciais como a prepara\u00e7\u00e3o para pandemias e seguran\u00e7a sanit\u00e1ria, a digitaliza\u00e7\u00e3o da sa\u00fade e inova\u00e7\u00e3o tecnol\u00f3gica, o financiamento do sector e o desenvolvimento dos profissionais de sa\u00fade, al\u00e9m da cobertura universal e da equidade no acesso aos servi\u00e7os.<\/p>\n\n\n\n<p>A participa\u00e7\u00e3o de Angola neste evento representa uma oportunidade relevante para apresentar os progressos alcan\u00e7ados na reforma do sistema nacional de sa\u00fade, com \u00eanfase na capacita\u00e7\u00e3o de recursos humanos, na expans\u00e3o dos cuidados prim\u00e1rios e no fortalecimento da resposta \u00e0s principais doen\u00e7as.<\/p>\n\n\n\n<p>Durante a c\u00fapula, a ministra dever\u00e1 intervir em pain\u00e9is de alto n\u00edvel e realizar encontros bilaterais com parceiros internacionais, com o objectivo de intensificar a coopera\u00e7\u00e3o t\u00e9cnica, atrair investimentos e consolidar o compromisso do pa\u00eds com a agenda global da sa\u00fade.<\/p>\n\n\n\n<p>Com esta desloca\u00e7\u00e3o, Angola reafirma o seu empenho na promo\u00e7\u00e3o da cobertura universal de sa\u00fade e no refor\u00e7o de sistemas sanit\u00e1rios mais resilientes, inclusivos e sustent\u00e1veis, alinhados com as prioridades africanas e os desafios globais emergentes.<\/p>\n","protected":false},"excerpt":{"rendered":"<p>Angola marca presen\u00e7a na C\u00fapula Mundial da Sa\u00fade no Qu\u00e9niaA ministra da Sa\u00fade, S\u00edlvia Lutucuta, deslocou-se na manh\u00e3 deste domingo \u00e0 cidade de Nair\u00f3bi, no Qu\u00e9nia, onde participar\u00e1 na Reuni\u00e3o [&hellip;]<\/p>\n","protected":false},"author":17,"featured_media":11446,"comment_status":"open","ping_status":"open","sticky":false,"template":"","format":"standard","meta":{"_acf_changed":false,"om_disable_all_campaigns":false,"_monsterinsights_skip_tracking":false,"_monsterinsights_sitenote_active":false,"_monsterinsights_sitenote_note":"","_monsterinsights_sitenote_category":0,"_uf_show_specific_survey":0,"_uf_disable_surveys":false,"footnotes":""},"categories":[16],"tags":[],"class_list":["post-11445","post","type-post","status-publish","format-standard","has-post-thumbnail","hentry","category-sociedade"],"acf":[],"aioseo_notices":[],"_links":{"self":[{"href":"https:\/\/zango.co.ao\/index.php\/wp-json\/wp\/v2\/posts\/11445","targetHints":{"allow":["GET"]}}],"collection":[{"href":"https:\/\/zango.co.ao\/index.php\/wp-json\/wp\/v2\/posts"}],"about":[{"href":"https:\/\/zango.co.ao\/index.php\/wp-json\/wp\/v2\/types\/post"}],"author":[{"embeddable":true,"href":"https:\/\/zango.co.ao\/index.php\/wp-json\/wp\/v2\/users\/17"}],"replies":[{"embeddable":true,"href":"https:\/\/zango.co.ao\/index.php\/wp-json\/wp\/v2\/comments?post=11445"}],"version-history":[{"count":2,"href":"https:\/\/zango.co.ao\/index.php\/wp-json\/wp\/v2\/posts\/11445\/revisions"}],"predecessor-version":[{"id":11448,"href":"https:\/\/zango.co.ao\/index.php\/wp-json\/wp\/v2\/posts\/11445\/revisions\/11448"}],"wp:featuredmedia":[{"embeddable":true,"href":"https:\/\/zango.co.ao\/index.php\/wp-json\/wp\/v2\/media\/11446"}],"wp:attachment":[{"href":"https:\/\/zango.co.ao\/index.php\/wp-json\/wp\/v2\/media?parent=11445"}],"wp:term":[{"taxonomy":"category","embeddable":true,"href":"https:\/\/zango.co.ao\/index.php\/wp-json\/wp\/v2\/categories?post=11445"},{"taxonomy":"post_tag","embeddable":true,"href":"https:\/\/zango.co.ao\/index.php\/wp-json\/wp\/v2\/tags?post=11445"}],"curies":[{"name":"wp","href":"https:\/\/api.w.org\/{rel}","templated":true}]}}