{"id":11461,"date":"2026-04-28T11:05:18","date_gmt":"2026-04-28T11:05:18","guid":{"rendered":"https:\/\/zango.co.ao\/?p=11461"},"modified":"2026-04-28T11:06:53","modified_gmt":"2026-04-28T11:06:53","slug":"angola-ganha-principal-centro-de-dados-para-acelerar-transformacao-digital","status":"publish","type":"post","link":"https:\/\/zango.co.ao\/index.php\/2026\/04\/28\/angola-ganha-principal-centro-de-dados-para-acelerar-transformacao-digital\/","title":{"rendered":"Angola ganha principal centro de dados para acelerar transforma\u00e7\u00e3o digital"},"content":{"rendered":"\n<p>\u200eO Presidente da Rep\u00fablica, Jo\u00e3o Louren\u00e7o, inaugurou esta ter\u00e7a-feira, 28, o novo centro de dados do Governo, localizado no munic\u00edpio da Camama, considerado a principal infra-estrutura de armazenamento e processamento de dados do Estado angolano.\u200e\u200e<\/p>\n\n\n\n<p>O empreendimento, pertencente ao INFOSI e tutelado pelo Minist\u00e9rio das Telecomunica\u00e7\u00f5es, Tecnologias de Informa\u00e7\u00e3o e Comunica\u00e7\u00e3o Social, surge como pe\u00e7a central na estrat\u00e9gia de transforma\u00e7\u00e3o digital do pa\u00eds.\u200e\u200e<\/p>\n\n\n\n<p>De acordo com informa\u00e7\u00f5es do Executivo, o Data Center permitir\u00e1 a implementa\u00e7\u00e3o da Nuvem Nacional de Angola, cuja operacionaliza\u00e7\u00e3o est\u00e1 prevista para o presente ano, com impacto directo na moderniza\u00e7\u00e3o dos servi\u00e7os p\u00fablicos e no refor\u00e7o da capacidade tecnol\u00f3gica do sector privado.\u200e\u200e<\/p>\n\n\n\n<p>Do ponto de vista t\u00e9cnico, a infra-estrutura \u00e9 de car\u00e1cter modular, composta por 12 contentores, cada um com capacidade para 28 racks, estruturas destinadas \u00e0 instala\u00e7\u00e3o de equipamentos inform\u00e1ticos. <\/p>\n\n\n\n<p>A unidade foi concebida para garantir elevada capacidade de armazenamento e processamento de dados, respondendo \u00e0s crescentes exig\u00eancias do processo de digitaliza\u00e7\u00e3o no pa\u00eds.<\/p>\n\n\n\n<p>\u200e\u200eAl\u00e9m da vertente tecnol\u00f3gica, o projecto apresenta tamb\u00e9m relev\u00e2ncia econ\u00f3mica, ao contribuir para o fortalecimento do ecossistema digital nacional e atrair novas oportunidades de investimento no sector.<\/p>\n\n\n\n<p>\u200e\u200eO novo Data Center junta-se a outras infra-estruturas j\u00e1 existentes em Angola, maioritariamente de iniciativa privada, consolidando os esfor\u00e7os do Governo na promo\u00e7\u00e3o da inova\u00e7\u00e3o, efici\u00eancia administrativa e desenvolvimento sustent\u00e1vel.<\/p>\n\n\n\n<p><\/p>\n","protected":false},"excerpt":{"rendered":"<p>\u200eO Presidente da Rep\u00fablica, Jo\u00e3o Louren\u00e7o, inaugurou esta ter\u00e7a-feira, 28, o novo centro de dados do Governo, localizado no munic\u00edpio da Camama, considerado a principal infra-estrutura de armazenamento e processamento [&hellip;]<\/p>\n","protected":false},"author":17,"featured_media":11462,"comment_status":"open","ping_status":"open","sticky":false,"template":"","format":"standard","meta":{"_acf_changed":false,"om_disable_all_campaigns":false,"_monsterinsights_skip_tracking":false,"_monsterinsights_sitenote_active":false,"_monsterinsights_sitenote_note":"","_monsterinsights_sitenote_category":0,"_uf_show_specific_survey":0,"_uf_disable_surveys":false,"footnotes":""},"categories":[632],"tags":[],"class_list":["post-11461","post","type-post","status-publish","format-standard","has-post-thumbnail","hentry","category-noticias"],"acf":[],"aioseo_notices":[],"_links":{"self":[{"href":"https:\/\/zango.co.ao\/index.php\/wp-json\/wp\/v2\/posts\/11461","targetHints":{"allow":["GET"]}}],"collection":[{"href":"https:\/\/zango.co.ao\/index.php\/wp-json\/wp\/v2\/posts"}],"about":[{"href":"https:\/\/zango.co.ao\/index.php\/wp-json\/wp\/v2\/types\/post"}],"author":[{"embeddable":true,"href":"https:\/\/zango.co.ao\/index.php\/wp-json\/wp\/v2\/users\/17"}],"replies":[{"embeddable":true,"href":"https:\/\/zango.co.ao\/index.php\/wp-json\/wp\/v2\/comments?post=11461"}],"version-history":[{"count":1,"href":"https:\/\/zango.co.ao\/index.php\/wp-json\/wp\/v2\/posts\/11461\/revisions"}],"predecessor-version":[{"id":11463,"href":"https:\/\/zango.co.ao\/index.php\/wp-json\/wp\/v2\/posts\/11461\/revisions\/11463"}],"wp:featuredmedia":[{"embeddable":true,"href":"https:\/\/zango.co.ao\/index.php\/wp-json\/wp\/v2\/media\/11462"}],"wp:attachment":[{"href":"https:\/\/zango.co.ao\/index.php\/wp-json\/wp\/v2\/media?parent=11461"}],"wp:term":[{"taxonomy":"category","embeddable":true,"href":"https:\/\/zango.co.ao\/index.php\/wp-json\/wp\/v2\/categories?post=11461"},{"taxonomy":"post_tag","embeddable":true,"href":"https:\/\/zango.co.ao\/index.php\/wp-json\/wp\/v2\/tags?post=11461"}],"curies":[{"name":"wp","href":"https:\/\/api.w.org\/{rel}","templated":true}]}}