{"id":11465,"date":"2026-04-28T17:15:51","date_gmt":"2026-04-28T17:15:51","guid":{"rendered":"https:\/\/zango.co.ao\/?p=11465"},"modified":"2026-04-28T17:15:52","modified_gmt":"2026-04-28T17:15:52","slug":"antonio-guterres-critica-amnesia-colectiva-que-levou-a-novas-ameacas-nucleares","status":"publish","type":"post","link":"https:\/\/zango.co.ao\/index.php\/2026\/04\/28\/antonio-guterres-critica-amnesia-colectiva-que-levou-a-novas-ameacas-nucleares\/","title":{"rendered":"Ant\u00f3nio Guterres Critica &#8220;Amn\u00e9sia Colectiva&#8221; que Levou a novas Amea\u00e7as Nucleares"},"content":{"rendered":"\n<p>O secret\u00e1rio-geral das Na\u00e7\u00f5es Unidas, Ant\u00f3nio Guterres, alertou para o que descreveu como uma \u201cesp\u00e9cie de amn\u00e9sia colectiva\u201d que tem permitido o regresso das amea\u00e7as nucleares no cen\u00e1rio internacional.<\/p>\n\n\n\n<p>Durante a abertura de um encontro dos pa\u00edses signat\u00e1rios do Tratado de N\u00e3o Prolifera\u00e7\u00e3o Nuclear (TNP), realizado na sede da Organiza\u00e7\u00e3o das Na\u00e7\u00f5es Unidas, em Nova Iorque, o respons\u00e1vel destacou que acordos e princ\u00edpios conquistados ao longo de d\u00e9cadas est\u00e3o a perder for\u00e7a, enquanto os mecanismos de controlo de armamento enfrentam um enfraquecimento preocupante. <\/p>\n\n\n\n<p>Segundo Guterres, pela primeira vez em muitos anos, o n\u00famero de ogivas nucleares voltou a crescer, ao mesmo tempo que a possibilidade de novos testes entra novamente no debate internacional. <\/p>\n\n\n\n<p>Acrescentou ainda que alguns pa\u00edses j\u00e1 ponderam, de forma aberta, a aquisi\u00e7\u00e3o desse tipo de armamento.<\/p>\n\n\n\n<p>O l\u00edder da ONU questionou se a comunidade internacional esqueceu que uma guerra nuclear n\u00e3o tem vencedores e jamais deve ser iniciada, sublinhando que tais armas n\u00e3o garantem maior seguran\u00e7a. <\/p>\n\n\n\n<p>Recordou tamb\u00e9m que o mundo evitou cen\u00e1rios catastr\u00f3ficos no passado gra\u00e7as \u00e0 coopera\u00e7\u00e3o entre l\u00edderes globais, que optaram por travar a escalada nuclear.<\/p>\n","protected":false},"excerpt":{"rendered":"<p>O secret\u00e1rio-geral das Na\u00e7\u00f5es Unidas, Ant\u00f3nio Guterres, alertou para o que descreveu como uma \u201cesp\u00e9cie de amn\u00e9sia colectiva\u201d que tem permitido o regresso das amea\u00e7as nucleares no cen\u00e1rio internacional. Durante [&hellip;]<\/p>\n","protected":false},"author":8,"featured_media":11466,"comment_status":"open","ping_status":"open","sticky":false,"template":"","format":"standard","meta":{"_acf_changed":false,"om_disable_all_campaigns":false,"_monsterinsights_skip_tracking":false,"_monsterinsights_sitenote_active":false,"_monsterinsights_sitenote_note":"","_monsterinsights_sitenote_category":0,"_uf_show_specific_survey":0,"_uf_disable_surveys":false,"footnotes":""},"categories":[343],"tags":[],"class_list":["post-11465","post","type-post","status-publish","format-standard","has-post-thumbnail","hentry","category-mundo"],"acf":[],"aioseo_notices":[],"_links":{"self":[{"href":"https:\/\/zango.co.ao\/index.php\/wp-json\/wp\/v2\/posts\/11465","targetHints":{"allow":["GET"]}}],"collection":[{"href":"https:\/\/zango.co.ao\/index.php\/wp-json\/wp\/v2\/posts"}],"about":[{"href":"https:\/\/zango.co.ao\/index.php\/wp-json\/wp\/v2\/types\/post"}],"author":[{"embeddable":true,"href":"https:\/\/zango.co.ao\/index.php\/wp-json\/wp\/v2\/users\/8"}],"replies":[{"embeddable":true,"href":"https:\/\/zango.co.ao\/index.php\/wp-json\/wp\/v2\/comments?post=11465"}],"version-history":[{"count":2,"href":"https:\/\/zango.co.ao\/index.php\/wp-json\/wp\/v2\/posts\/11465\/revisions"}],"predecessor-version":[{"id":11474,"href":"https:\/\/zango.co.ao\/index.php\/wp-json\/wp\/v2\/posts\/11465\/revisions\/11474"}],"wp:featuredmedia":[{"embeddable":true,"href":"https:\/\/zango.co.ao\/index.php\/wp-json\/wp\/v2\/media\/11466"}],"wp:attachment":[{"href":"https:\/\/zango.co.ao\/index.php\/wp-json\/wp\/v2\/media?parent=11465"}],"wp:term":[{"taxonomy":"category","embeddable":true,"href":"https:\/\/zango.co.ao\/index.php\/wp-json\/wp\/v2\/categories?post=11465"},{"taxonomy":"post_tag","embeddable":true,"href":"https:\/\/zango.co.ao\/index.php\/wp-json\/wp\/v2\/tags?post=11465"}],"curies":[{"name":"wp","href":"https:\/\/api.w.org\/{rel}","templated":true}]}}