{"id":12172,"date":"2026-08-31T10:33:44","date_gmt":"2026-08-31T10:33:44","guid":{"rendered":"https:\/\/zango.co.ao\/?p=12172"},"modified":"2026-08-31T10:33:45","modified_gmt":"2026-08-31T10:33:45","slug":"cimeira-extraordinaria-da-ua-defende-responsabilizacao-na-aplicacao-de-decisoes-sobre-paz-e-seguranca","status":"publish","type":"post","link":"https:\/\/zango.co.ao\/index.php\/2026\/08\/31\/cimeira-extraordinaria-da-ua-defende-responsabilizacao-na-aplicacao-de-decisoes-sobre-paz-e-seguranca\/","title":{"rendered":"Cimeira extraordin\u00e1ria da UA defende responsabiliza\u00e7\u00e3o na aplica\u00e7\u00e3o de decis\u00f5es sobre paz e seguran\u00e7a"},"content":{"rendered":"\n<p class=\"wp-block-paragraph\"><br>A Cimeira Extraordin\u00e1ria da Uni\u00e3o Africana (UA), que encerrou neste domingo, em Luanda, destacou a necessidade de responsabilizar as diferentes estruturas da organiza\u00e7\u00e3o pela implementa\u00e7\u00e3o das decis\u00f5es destinadas a promover a paz e a seguran\u00e7a no continente africano.<\/p>\n\n\n\n<p class=\"wp-block-paragraph\">A declara\u00e7\u00e3o foi feita pelo presidente da Comiss\u00e3o da Uni\u00e3o Africana, Mahmoud Ali Youssouf, durante a confer\u00eancia de imprensa dedicada \u00e0 resolu\u00e7\u00e3o de conflitos, que contou com a representa\u00e7\u00e3o de 49 dos 55 Estados-membros da organiza\u00e7\u00e3o.<\/p>\n\n\n\n<p class=\"wp-block-paragraph\">Mahmoud Ali Youssouf salientou a necessidade de aplicar o princ\u00edpio da responsabiliza\u00e7\u00e3o para assegurar maior efic\u00e1cia na implementa\u00e7\u00e3o das decis\u00f5es adoptadas nas cimeiras.<\/p>\n\n\n\n<p class=\"wp-block-paragraph\">De acordo com o respons\u00e1vel, todos os mecanismos da organiza\u00e7\u00e3o devem assumir as suas responsabilidades, desde o Conselho de Paz e Seguran\u00e7a ao Sistema Continental de Alerta Precoce, passando pelo Comit\u00e9 de Intelig\u00eancia e Seguran\u00e7a, pela For\u00e7a Africana em Estado de Alerta e pela For\u00e7a de Paz da Uni\u00e3o Africana.<\/p>\n\n\n\n<p class=\"wp-block-paragraph\">Aos Estados-membros \u00e9 igualmente solicitada \u201cvontade pol\u00edtica\u201d para garantir que as decis\u00f5es dos Chefes de Estado e de Governo da organiza\u00e7\u00e3o produzam resultados concretos, segundo o respons\u00e1vel.<\/p>\n\n\n\n<p class=\"wp-block-paragraph\">Por sua vez, o presidente em exerc\u00edcio da UA, \u00c9variste Ndayishimiye, afirmou que \u201cas promessas de Luanda, os compromissos de Luanda, n\u00e3o devem ser apenas declara\u00e7\u00f5es de princ\u00edpio, devem culminar com resultados concretos e mensur\u00e1veis no terreno\u201d.<\/p>\n\n\n\n<p class=\"wp-block-paragraph\">A cimeira decorreu num contexto marcado por conflitos armados, terrorismo, extremismo violento, crises pol\u00edticas, mudan\u00e7as inconstitucionais de governos, deslocamentos for\u00e7ados, amea\u00e7as cibern\u00e9ticas, desinforma\u00e7\u00e3o e rivalidades geopol\u00edticas.<\/p>\n","protected":false},"excerpt":{"rendered":"<p>A Cimeira Extraordin\u00e1ria da Uni\u00e3o Africana (UA), que encerrou neste domingo, em Luanda, destacou a necessidade de responsabilizar as diferentes estruturas da organiza\u00e7\u00e3o pela implementa\u00e7\u00e3o das decis\u00f5es destinadas a promover [&hellip;]<\/p>\n","protected":false},"author":17,"featured_media":12173,"comment_status":"open","ping_status":"open","sticky":false,"template":"","format":"standard","meta":{"_acf_changed":false,"om_disable_all_campaigns":false,"_monsterinsights_skip_tracking":false,"_uf_show_specific_survey":0,"_uf_disable_surveys":false,"footnotes":""},"categories":[342],"tags":[],"class_list":["post-12172","post","type-post","status-publish","format-standard","has-post-thumbnail","hentry","category-africa"],"acf":[],"aioseo_notices":[],"aioseo_head":"\n\t\t<!-- All in One SEO 5.0.1.1 - aioseo.com -->\n\t<meta name=\"description\" content=\"A Cimeira Extraordin\u00e1ria da Uni\u00e3o Africana (UA), que encerrou neste domingo, em Luanda, destacou a necessidade de responsabilizar as diferentes estruturas da organiza\u00e7\u00e3o pela implementa\u00e7\u00e3o das decis\u00f5es destinadas a promover a paz e a seguran\u00e7a no continente africano. A declara\u00e7\u00e3o foi feita pelo presidente da Comiss\u00e3o da Uni\u00e3o Africana, Mahmoud Ali Youssouf, durante a confer\u00eancia\" \/>\n\t<meta name=\"robots\" content=\"max-image-preview:large\" \/>\n\t<meta name=\"author\" content=\"Eunice Goncalves\"\/>\n\t<link rel=\"canonical\" href=\"https:\/\/zango.co.ao\/index.php\/2026\/08\/31\/cimeira-extraordinaria-da-ua-defende-responsabilizacao-na-aplicacao-de-decisoes-sobre-paz-e-seguranca\/\" \/>\n\t<meta name=\"generator\" content=\"All in One SEO (AIOSEO) 5.0.1.1\" \/>\n\t\t<meta property=\"og:locale\" content=\"pt_PT\" \/>\n\t\t<meta property=\"og:site_name\" content=\"Zango - Comunicamos Juntos\" \/>\n\t\t<meta property=\"og:type\" content=\"article\" \/>\n\t\t<meta property=\"og:title\" content=\"Cimeira extraordin\u00e1ria da UA defende responsabiliza\u00e7\u00e3o na aplica\u00e7\u00e3o de decis\u00f5es sobre paz e seguran\u00e7a - Zango\" \/>\n\t\t<meta property=\"og:description\" content=\"A Cimeira Extraordin\u00e1ria da Uni\u00e3o Africana (UA), que encerrou neste domingo, em Luanda, destacou a necessidade de responsabilizar as diferentes estruturas da organiza\u00e7\u00e3o pela implementa\u00e7\u00e3o das decis\u00f5es destinadas a promover a paz e a seguran\u00e7a no continente africano. A declara\u00e7\u00e3o foi feita pelo presidente da Comiss\u00e3o da Uni\u00e3o Africana, Mahmoud Ali Youssouf, durante a confer\u00eancia\" \/>\n\t\t<meta property=\"og:url\" content=\"https:\/\/zango.co.ao\/index.php\/2026\/08\/31\/cimeira-extraordinaria-da-ua-defende-responsabilizacao-na-aplicacao-de-decisoes-sobre-paz-e-seguranca\/\" \/>\n\t\t<meta property=\"article:published_time\" content=\"2026-08-31T10:33:44+00:00\" \/>\n\t\t<meta property=\"article:modified_time\" content=\"2026-08-31T10:33:45+00:00\" \/>\n\t\t<meta name=\"twitter:card\" content=\"summary_large_image\" \/>\n\t\t<meta name=\"twitter:title\" content=\"Cimeira extraordin\u00e1ria da UA defende responsabiliza\u00e7\u00e3o na aplica\u00e7\u00e3o de decis\u00f5es sobre paz e seguran\u00e7a - Zango\" \/>\n\t\t<meta name=\"twitter:description\" content=\"A Cimeira Extraordin\u00e1ria da Uni\u00e3o Africana (UA), que encerrou neste domingo, em Luanda, destacou a necessidade de responsabilizar as diferentes estruturas da organiza\u00e7\u00e3o pela implementa\u00e7\u00e3o das decis\u00f5es destinadas a promover a paz e a seguran\u00e7a no continente africano. A declara\u00e7\u00e3o foi feita pelo presidente da Comiss\u00e3o da Uni\u00e3o Africana, Mahmoud Ali Youssouf, durante a confer\u00eancia\" \/>\n\t\t<script type=\"application\/ld+json\" class=\"aioseo-schema\">\n\t\t\t{\"@context\":\"https:\\\/\\\/schema.org\",\"@graph\":[{\"@type\":\"BlogPosting\",\"@id\":\"https:\\\/\\\/zango.co.ao\\\/index.php\\\/2026\\\/08\\\/31\\\/cimeira-extraordinaria-da-ua-defende-responsabilizacao-na-aplicacao-de-decisoes-sobre-paz-e-seguranca\\\/#blogposting\",\"name\":\"Cimeira extraordin\\u00e1ria da UA defende responsabiliza\\u00e7\\u00e3o na aplica\\u00e7\\u00e3o de decis\\u00f5es sobre paz e seguran\\u00e7a - Zango\",\"headline\":\"Cimeira extraordin\\u00e1ria da UA defende responsabiliza\\u00e7\\u00e3o na aplica\\u00e7\\u00e3o de decis\\u00f5es sobre paz e seguran\\u00e7a\",\"author\":{\"@id\":\"https:\\\/\\\/zango.co.ao\\\/index.php\\\/author\\\/eunice-goncalves\\\/#author\"},\"publisher\":{\"@id\":\"https:\\\/\\\/zango.co.ao\\\/#organization\"},\"image\":{\"@type\":\"ImageObject\",\"url\":\"https:\\\/\\\/zango.co.ao\\\/wp-content\\\/uploads\\\/2026\\\/08\\\/Cimeira-de-Luanda-pede-responsabilizacao-para-passar-decisoes-a-pratica.jpg\",\"width\":1600,\"height\":720},\"datePublished\":\"2026-08-31T10:33:44+00:00\",\"dateModified\":\"2026-08-31T10:33:45+00:00\",\"inLanguage\":\"pt-AO\",\"mainEntityOfPage\":{\"@id\":\"https:\\\/\\\/zango.co.ao\\\/index.php\\\/2026\\\/08\\\/31\\\/cimeira-extraordinaria-da-ua-defende-responsabilizacao-na-aplicacao-de-decisoes-sobre-paz-e-seguranca\\\/#webpage\"},\"isPartOf\":{\"@id\":\"https:\\\/\\\/zango.co.ao\\\/index.php\\\/2026\\\/08\\\/31\\\/cimeira-extraordinaria-da-ua-defende-responsabilizacao-na-aplicacao-de-decisoes-sobre-paz-e-seguranca\\\/#webpage\"},\"articleSection\":\"\\u00c1frica\"},{\"@type\":\"BreadcrumbList\",\"@id\":\"https:\\\/\\\/zango.co.ao\\\/index.php\\\/2026\\\/08\\\/31\\\/cimeira-extraordinaria-da-ua-defende-responsabilizacao-na-aplicacao-de-decisoes-sobre-paz-e-seguranca\\\/#breadcrumblist\",\"itemListElement\":[{\"@type\":\"ListItem\",\"@id\":\"https:\\\/\\\/zango.co.ao#listItem\",\"position\":1,\"name\":\"Home\",\"item\":\"https:\\\/\\\/zango.co.ao\",\"nextItem\":{\"@type\":\"ListItem\",\"@id\":\"https:\\\/\\\/zango.co.ao\\\/index.php\\\/category\\\/africa\\\/#listItem\",\"name\":\"\\u00c1frica\"}},{\"@type\":\"ListItem\",\"@id\":\"https:\\\/\\\/zango.co.ao\\\/index.php\\\/category\\\/africa\\\/#listItem\",\"position\":2,\"name\":\"\\u00c1frica\",\"item\":\"https:\\\/\\\/zango.co.ao\\\/index.php\\\/category\\\/africa\\\/\",\"nextItem\":{\"@type\":\"ListItem\",\"@id\":\"https:\\\/\\\/zango.co.ao\\\/index.php\\\/2026\\\/08\\\/31\\\/cimeira-extraordinaria-da-ua-defende-responsabilizacao-na-aplicacao-de-decisoes-sobre-paz-e-seguranca\\\/#listItem\",\"name\":\"Cimeira extraordin\\u00e1ria da UA defende responsabiliza\\u00e7\\u00e3o na aplica\\u00e7\\u00e3o de decis\\u00f5es sobre paz e seguran\\u00e7a\"},\"previousItem\":{\"@type\":\"ListItem\",\"@id\":\"https:\\\/\\\/zango.co.ao#listItem\",\"name\":\"Home\"}},{\"@type\":\"ListItem\",\"@id\":\"https:\\\/\\\/zango.co.ao\\\/index.php\\\/2026\\\/08\\\/31\\\/cimeira-extraordinaria-da-ua-defende-responsabilizacao-na-aplicacao-de-decisoes-sobre-paz-e-seguranca\\\/#listItem\",\"position\":3,\"name\":\"Cimeira extraordin\\u00e1ria da UA defende responsabiliza\\u00e7\\u00e3o na aplica\\u00e7\\u00e3o de decis\\u00f5es sobre paz e seguran\\u00e7a\",\"previousItem\":{\"@type\":\"ListItem\",\"@id\":\"https:\\\/\\\/zango.co.ao\\\/index.php\\\/category\\\/africa\\\/#listItem\",\"name\":\"\\u00c1frica\"}}]},{\"@type\":\"Organization\",\"@id\":\"https:\\\/\\\/zango.co.ao\\\/#organization\",\"name\":\"Zango\",\"description\":\"Comunicamos Juntos\",\"url\":\"https:\\\/\\\/zango.co.ao\\\/\"},{\"@type\":\"Person\",\"@id\":\"https:\\\/\\\/zango.co.ao\\\/index.php\\\/author\\\/eunice-goncalves\\\/#author\",\"url\":\"https:\\\/\\\/zango.co.ao\\\/index.php\\\/author\\\/eunice-goncalves\\\/\",\"name\":\"Eunice Goncalves\",\"image\":{\"@type\":\"ImageObject\",\"@id\":\"https:\\\/\\\/zango.co.ao\\\/index.php\\\/2026\\\/08\\\/31\\\/cimeira-extraordinaria-da-ua-defende-responsabilizacao-na-aplicacao-de-decisoes-sobre-paz-e-seguranca\\\/#authorImage\",\"url\":\"https:\\\/\\\/secure.gravatar.com\\\/avatar\\\/7b5b89a523af44a869881b4816c297b92ed6d00b15a7b8ef54c3c38b4dabc3df?s=96&d=mm&r=g\",\"width\":96,\"height\":96,\"caption\":\"Eunice Goncalves\"}},{\"@type\":\"WebPage\",\"@id\":\"https:\\\/\\\/zango.co.ao\\\/index.php\\\/2026\\\/08\\\/31\\\/cimeira-extraordinaria-da-ua-defende-responsabilizacao-na-aplicacao-de-decisoes-sobre-paz-e-seguranca\\\/#webpage\",\"url\":\"https:\\\/\\\/zango.co.ao\\\/index.php\\\/2026\\\/08\\\/31\\\/cimeira-extraordinaria-da-ua-defende-responsabilizacao-na-aplicacao-de-decisoes-sobre-paz-e-seguranca\\\/\",\"name\":\"Cimeira extraordin\\u00e1ria da UA defende responsabiliza\\u00e7\\u00e3o na aplica\\u00e7\\u00e3o de decis\\u00f5es sobre paz e seguran\\u00e7a - Zango\",\"description\":\"A Cimeira Extraordin\\u00e1ria da Uni\\u00e3o Africana (UA), que encerrou neste domingo, em Luanda, destacou a necessidade de responsabilizar as diferentes estruturas da organiza\\u00e7\\u00e3o pela implementa\\u00e7\\u00e3o das decis\\u00f5es destinadas a promover a paz e a seguran\\u00e7a no continente africano. A declara\\u00e7\\u00e3o foi feita pelo presidente da Comiss\\u00e3o da Uni\\u00e3o Africana, Mahmoud Ali Youssouf, durante a confer\\u00eancia\",\"inLanguage\":\"pt-AO\",\"isPartOf\":{\"@id\":\"https:\\\/\\\/zango.co.ao\\\/#website\"},\"breadcrumb\":{\"@id\":\"https:\\\/\\\/zango.co.ao\\\/index.php\\\/2026\\\/08\\\/31\\\/cimeira-extraordinaria-da-ua-defende-responsabilizacao-na-aplicacao-de-decisoes-sobre-paz-e-seguranca\\\/#breadcrumblist\"},\"author\":{\"@id\":\"https:\\\/\\\/zango.co.ao\\\/index.php\\\/author\\\/eunice-goncalves\\\/#author\"},\"creator\":{\"@id\":\"https:\\\/\\\/zango.co.ao\\\/index.php\\\/author\\\/eunice-goncalves\\\/#author\"},\"image\":{\"@type\":\"ImageObject\",\"url\":\"https:\\\/\\\/zango.co.ao\\\/wp-content\\\/uploads\\\/2026\\\/08\\\/Cimeira-de-Luanda-pede-responsabilizacao-para-passar-decisoes-a-pratica.jpg\",\"@id\":\"https:\\\/\\\/zango.co.ao\\\/index.php\\\/2026\\\/08\\\/31\\\/cimeira-extraordinaria-da-ua-defende-responsabilizacao-na-aplicacao-de-decisoes-sobre-paz-e-seguranca\\\/#mainImage\",\"width\":1600,\"height\":720},\"primaryImageOfPage\":{\"@id\":\"https:\\\/\\\/zango.co.ao\\\/index.php\\\/2026\\\/08\\\/31\\\/cimeira-extraordinaria-da-ua-defende-responsabilizacao-na-aplicacao-de-decisoes-sobre-paz-e-seguranca\\\/#mainImage\"},\"datePublished\":\"2026-08-31T10:33:44+00:00\",\"dateModified\":\"2026-08-31T10:33:45+00:00\"},{\"@type\":\"WebSite\",\"@id\":\"https:\\\/\\\/zango.co.ao\\\/#website\",\"url\":\"https:\\\/\\\/zango.co.ao\\\/\",\"name\":\"Zango\",\"description\":\"Comunicamos Juntos\",\"inLanguage\":\"pt-AO\",\"publisher\":{\"@id\":\"https:\\\/\\\/zango.co.ao\\\/#organization\"}}]}\n\t\t<\/script>\n\t\t<!-- All in One SEO -->\n\n","aioseo_head_json":{"title":"Cimeira extraordin\u00e1ria da UA defende responsabiliza\u00e7\u00e3o na aplica\u00e7\u00e3o de decis\u00f5es sobre paz e seguran\u00e7a - Zango","description":"A Cimeira Extraordin\u00e1ria da Uni\u00e3o Africana (UA), que encerrou neste domingo, em Luanda, destacou a necessidade de responsabilizar as diferentes estruturas da organiza\u00e7\u00e3o pela implementa\u00e7\u00e3o das decis\u00f5es destinadas a promover a paz e a seguran\u00e7a no continente africano. A declara\u00e7\u00e3o foi feita pelo presidente da Comiss\u00e3o da Uni\u00e3o Africana, Mahmoud Ali Youssouf, durante a confer\u00eancia","canonical_url":"https:\/\/zango.co.ao\/index.php\/2026\/08\/31\/cimeira-extraordinaria-da-ua-defende-responsabilizacao-na-aplicacao-de-decisoes-sobre-paz-e-seguranca\/","robots":"max-image-preview:large","keywords":"","webmasterTools":{"miscellaneous":""},"schema":{"@context":"https:\/\/schema.org","@graph":[{"@type":"BlogPosting","@id":"https:\/\/zango.co.ao\/index.php\/2026\/08\/31\/cimeira-extraordinaria-da-ua-defende-responsabilizacao-na-aplicacao-de-decisoes-sobre-paz-e-seguranca\/#blogposting","name":"Cimeira extraordin\u00e1ria da UA defende responsabiliza\u00e7\u00e3o na aplica\u00e7\u00e3o de decis\u00f5es sobre paz e seguran\u00e7a - Zango","headline":"Cimeira extraordin\u00e1ria da UA defende responsabiliza\u00e7\u00e3o na aplica\u00e7\u00e3o de decis\u00f5es sobre paz e seguran\u00e7a","author":{"@id":"https:\/\/zango.co.ao\/index.php\/author\/eunice-goncalves\/#author"},"publisher":{"@id":"https:\/\/zango.co.ao\/#organization"},"image":{"@type":"ImageObject","url":"https:\/\/zango.co.ao\/wp-content\/uploads\/2026\/08\/Cimeira-de-Luanda-pede-responsabilizacao-para-passar-decisoes-a-pratica.jpg","width":1600,"height":720},"datePublished":"2026-08-31T10:33:44+00:00","dateModified":"2026-08-31T10:33:45+00:00","inLanguage":"pt-AO","mainEntityOfPage":{"@id":"https:\/\/zango.co.ao\/index.php\/2026\/08\/31\/cimeira-extraordinaria-da-ua-defende-responsabilizacao-na-aplicacao-de-decisoes-sobre-paz-e-seguranca\/#webpage"},"isPartOf":{"@id":"https:\/\/zango.co.ao\/index.php\/2026\/08\/31\/cimeira-extraordinaria-da-ua-defende-responsabilizacao-na-aplicacao-de-decisoes-sobre-paz-e-seguranca\/#webpage"},"articleSection":"\u00c1frica"},{"@type":"BreadcrumbList","@id":"https:\/\/zango.co.ao\/index.php\/2026\/08\/31\/cimeira-extraordinaria-da-ua-defende-responsabilizacao-na-aplicacao-de-decisoes-sobre-paz-e-seguranca\/#breadcrumblist","itemListElement":[{"@type":"ListItem","@id":"https:\/\/zango.co.ao#listItem","position":1,"name":"Home","item":"https:\/\/zango.co.ao","nextItem":{"@type":"ListItem","@id":"https:\/\/zango.co.ao\/index.php\/category\/africa\/#listItem","name":"\u00c1frica"}},{"@type":"ListItem","@id":"https:\/\/zango.co.ao\/index.php\/category\/africa\/#listItem","position":2,"name":"\u00c1frica","item":"https:\/\/zango.co.ao\/index.php\/category\/africa\/","nextItem":{"@type":"ListItem","@id":"https:\/\/zango.co.ao\/index.php\/2026\/08\/31\/cimeira-extraordinaria-da-ua-defende-responsabilizacao-na-aplicacao-de-decisoes-sobre-paz-e-seguranca\/#listItem","name":"Cimeira extraordin\u00e1ria da UA defende responsabiliza\u00e7\u00e3o na aplica\u00e7\u00e3o de decis\u00f5es sobre paz e seguran\u00e7a"},"previousItem":{"@type":"ListItem","@id":"https:\/\/zango.co.ao#listItem","name":"Home"}},{"@type":"ListItem","@id":"https:\/\/zango.co.ao\/index.php\/2026\/08\/31\/cimeira-extraordinaria-da-ua-defende-responsabilizacao-na-aplicacao-de-decisoes-sobre-paz-e-seguranca\/#listItem","position":3,"name":"Cimeira extraordin\u00e1ria da UA defende responsabiliza\u00e7\u00e3o na aplica\u00e7\u00e3o de decis\u00f5es sobre paz e seguran\u00e7a","previousItem":{"@type":"ListItem","@id":"https:\/\/zango.co.ao\/index.php\/category\/africa\/#listItem","name":"\u00c1frica"}}]},{"@type":"Organization","@id":"https:\/\/zango.co.ao\/#organization","name":"Zango","description":"Comunicamos Juntos","url":"https:\/\/zango.co.ao\/"},{"@type":"Person","@id":"https:\/\/zango.co.ao\/index.php\/author\/eunice-goncalves\/#author","url":"https:\/\/zango.co.ao\/index.php\/author\/eunice-goncalves\/","name":"Eunice Goncalves","image":{"@type":"ImageObject","@id":"https:\/\/zango.co.ao\/index.php\/2026\/08\/31\/cimeira-extraordinaria-da-ua-defende-responsabilizacao-na-aplicacao-de-decisoes-sobre-paz-e-seguranca\/#authorImage","url":"https:\/\/secure.gravatar.com\/avatar\/7b5b89a523af44a869881b4816c297b92ed6d00b15a7b8ef54c3c38b4dabc3df?s=96&d=mm&r=g","width":96,"height":96,"caption":"Eunice Goncalves"}},{"@type":"WebPage","@id":"https:\/\/zango.co.ao\/index.php\/2026\/08\/31\/cimeira-extraordinaria-da-ua-defende-responsabilizacao-na-aplicacao-de-decisoes-sobre-paz-e-seguranca\/#webpage","url":"https:\/\/zango.co.ao\/index.php\/2026\/08\/31\/cimeira-extraordinaria-da-ua-defende-responsabilizacao-na-aplicacao-de-decisoes-sobre-paz-e-seguranca\/","name":"Cimeira extraordin\u00e1ria da UA defende responsabiliza\u00e7\u00e3o na aplica\u00e7\u00e3o de decis\u00f5es sobre paz e seguran\u00e7a - Zango","description":"A Cimeira Extraordin\u00e1ria da Uni\u00e3o Africana (UA), que encerrou neste domingo, em Luanda, destacou a necessidade de responsabilizar as diferentes estruturas da organiza\u00e7\u00e3o pela implementa\u00e7\u00e3o das decis\u00f5es destinadas a promover a paz e a seguran\u00e7a no continente africano. A declara\u00e7\u00e3o foi feita pelo presidente da Comiss\u00e3o da Uni\u00e3o Africana, Mahmoud Ali Youssouf, durante a confer\u00eancia","inLanguage":"pt-AO","isPartOf":{"@id":"https:\/\/zango.co.ao\/#website"},"breadcrumb":{"@id":"https:\/\/zango.co.ao\/index.php\/2026\/08\/31\/cimeira-extraordinaria-da-ua-defende-responsabilizacao-na-aplicacao-de-decisoes-sobre-paz-e-seguranca\/#breadcrumblist"},"author":{"@id":"https:\/\/zango.co.ao\/index.php\/author\/eunice-goncalves\/#author"},"creator":{"@id":"https:\/\/zango.co.ao\/index.php\/author\/eunice-goncalves\/#author"},"image":{"@type":"ImageObject","url":"https:\/\/zango.co.ao\/wp-content\/uploads\/2026\/08\/Cimeira-de-Luanda-pede-responsabilizacao-para-passar-decisoes-a-pratica.jpg","@id":"https:\/\/zango.co.ao\/index.php\/2026\/08\/31\/cimeira-extraordinaria-da-ua-defende-responsabilizacao-na-aplicacao-de-decisoes-sobre-paz-e-seguranca\/#mainImage","width":1600,"height":720},"primaryImageOfPage":{"@id":"https:\/\/zango.co.ao\/index.php\/2026\/08\/31\/cimeira-extraordinaria-da-ua-defende-responsabilizacao-na-aplicacao-de-decisoes-sobre-paz-e-seguranca\/#mainImage"},"datePublished":"2026-08-31T10:33:44+00:00","dateModified":"2026-08-31T10:33:45+00:00"},{"@type":"WebSite","@id":"https:\/\/zango.co.ao\/#website","url":"https:\/\/zango.co.ao\/","name":"Zango","description":"Comunicamos Juntos","inLanguage":"pt-AO","publisher":{"@id":"https:\/\/zango.co.ao\/#organization"}}]},"og:locale":"pt_PT","og:site_name":"Zango - Comunicamos Juntos","og:type":"article","og:title":"Cimeira extraordin\u00e1ria da UA defende responsabiliza\u00e7\u00e3o na aplica\u00e7\u00e3o de decis\u00f5es sobre paz e seguran\u00e7a - Zango","og:description":"A Cimeira Extraordin\u00e1ria da Uni\u00e3o Africana (UA), que encerrou neste domingo, em Luanda, destacou a necessidade de responsabilizar as diferentes estruturas da organiza\u00e7\u00e3o pela implementa\u00e7\u00e3o das decis\u00f5es destinadas a promover a paz e a seguran\u00e7a no continente africano. A declara\u00e7\u00e3o foi feita pelo presidente da Comiss\u00e3o da Uni\u00e3o Africana, Mahmoud Ali Youssouf, durante a confer\u00eancia","og:url":"https:\/\/zango.co.ao\/index.php\/2026\/08\/31\/cimeira-extraordinaria-da-ua-defende-responsabilizacao-na-aplicacao-de-decisoes-sobre-paz-e-seguranca\/","article:published_time":"2026-08-31T10:33:44+00:00","article:modified_time":"2026-08-31T10:33:45+00:00","twitter:card":"summary_large_image","twitter:title":"Cimeira extraordin\u00e1ria da UA defende responsabiliza\u00e7\u00e3o na aplica\u00e7\u00e3o de decis\u00f5es sobre paz e seguran\u00e7a - Zango","twitter:description":"A Cimeira Extraordin\u00e1ria da Uni\u00e3o Africana (UA), que encerrou neste domingo, em Luanda, destacou a necessidade de responsabilizar as diferentes estruturas da organiza\u00e7\u00e3o pela implementa\u00e7\u00e3o das decis\u00f5es destinadas a promover a paz e a seguran\u00e7a no continente africano. A declara\u00e7\u00e3o foi feita pelo presidente da Comiss\u00e3o da Uni\u00e3o Africana, Mahmoud Ali Youssouf, durante a confer\u00eancia"},"aioseo_meta_data":{"post_id":"12172","title":null,"description":null,"keywords":null,"keyphrases":{"focus":{"keyphrase":"","score":0,"analysis":{"keyphraseInTitle":{"score":0,"maxScore":9,"error":1}}},"additional":[]},"primary_term":null,"canonical_url":null,"og_title":null,"og_description":null,"og_object_type":"default","og_image_type":"default","og_image_url":null,"og_image_width":null,"og_image_height":null,"og_image_custom_url":null,"og_image_custom_fields":null,"og_video":"","og_custom_url":null,"og_article_section":null,"og_article_tags":null,"twitter_use_og":false,"twitter_card":"default","twitter_image_type":"default","twitter_image_url":null,"twitter_image_custom_url":null,"twitter_image_custom_fields":null,"twitter_title":null,"twitter_description":null,"schema":{"blockGraphs":[],"customGraphs":[],"default":{"data":{"Article":[],"Course":[],"Dataset":[],"FAQPage":[],"Movie":[],"Person":[],"Product":[],"ProductReview":[],"Car":[],"Recipe":[],"Service":[],"SoftwareApplication":[],"WebPage":[]},"graphName":"BlogPosting","isEnabled":true},"graphs":[]},"schema_type":"default","schema_type_options":null,"pillar_content":false,"robots_default":true,"robots_noindex":false,"robots_noarchive":false,"robots_nosnippet":false,"robots_nofollow":false,"robots_noimageindex":false,"robots_noodp":false,"robots_notranslate":false,"robots_max_snippet":"-1","robots_max_videopreview":"-1","robots_max_imagepreview":"large","priority":null,"frequency":"default","local_seo":null,"breadcrumb_settings":null,"limit_modified_date":false,"ai":{"faqs":[],"keyPoints":[],"schemas":[],"titles":[],"descriptions":[],"socialPosts":{"email":{"subject":"","preview":"","content":""},"linkedin":[],"twitter":[],"facebook":[],"instagram":[]}},"created":"2026-08-31 10:33:45","updated":"2026-08-31 12:37:50","seo_analyzer_scan_date":null,"focus_keyword":null,"additional_keywords":null,"truseo_locale":null},"aioseo_breadcrumb":"<div class=\"aioseo-breadcrumbs\"><span class=\"aioseo-breadcrumb\">\n\t\t\t<a href=\"https:\/\/zango.co.ao\" title=\"Home\">Home<\/a>\n\t\t<\/span><span class=\"aioseo-breadcrumb-separator\">&raquo;<\/span><span class=\"aioseo-breadcrumb\">\n\t\t\t<a href=\"https:\/\/zango.co.ao\/index.php\/category\/africa\/\" title=\"\u00c1frica\">\u00c1frica<\/a>\n\t\t<\/span><span class=\"aioseo-breadcrumb-separator\">&raquo;<\/span><span class=\"aioseo-breadcrumb\">\n\t\t\tCimeira extraordin\u00e1ria da UA defende responsabiliza\u00e7\u00e3o na aplica\u00e7\u00e3o de decis\u00f5es sobre paz e seguran\u00e7a\n\t\t<\/span><\/div>","aioseo_breadcrumb_json":[{"label":"Home","link":"https:\/\/zango.co.ao"},{"label":"\u00c1frica","link":"https:\/\/zango.co.ao\/index.php\/category\/africa\/"},{"label":"Cimeira extraordin\u00e1ria da UA defende responsabiliza\u00e7\u00e3o na aplica\u00e7\u00e3o de decis\u00f5es sobre paz e seguran\u00e7a","link":"https:\/\/zango.co.ao\/index.php\/2026\/08\/31\/cimeira-extraordinaria-da-ua-defende-responsabilizacao-na-aplicacao-de-decisoes-sobre-paz-e-seguranca\/"}],"_links":{"self":[{"href":"https:\/\/zango.co.ao\/index.php\/wp-json\/wp\/v2\/posts\/12172","targetHints":{"allow":["GET"]}}],"collection":[{"href":"https:\/\/zango.co.ao\/index.php\/wp-json\/wp\/v2\/posts"}],"about":[{"href":"https:\/\/zango.co.ao\/index.php\/wp-json\/wp\/v2\/types\/post"}],"author":[{"embeddable":true,"href":"https:\/\/zango.co.ao\/index.php\/wp-json\/wp\/v2\/users\/17"}],"replies":[{"embeddable":true,"href":"https:\/\/zango.co.ao\/index.php\/wp-json\/wp\/v2\/comments?post=12172"}],"version-history":[{"count":1,"href":"https:\/\/zango.co.ao\/index.php\/wp-json\/wp\/v2\/posts\/12172\/revisions"}],"predecessor-version":[{"id":12174,"href":"https:\/\/zango.co.ao\/index.php\/wp-json\/wp\/v2\/posts\/12172\/revisions\/12174"}],"wp:featuredmedia":[{"embeddable":true,"href":"https:\/\/zango.co.ao\/index.php\/wp-json\/wp\/v2\/media\/12173"}],"wp:attachment":[{"href":"https:\/\/zango.co.ao\/index.php\/wp-json\/wp\/v2\/media?parent=12172"}],"wp:term":[{"taxonomy":"category","embeddable":true,"href":"https:\/\/zango.co.ao\/index.php\/wp-json\/wp\/v2\/categories?post=12172"},{"taxonomy":"post_tag","embeddable":true,"href":"https:\/\/zango.co.ao\/index.php\/wp-json\/wp\/v2\/tags?post=12172"}],"curies":[{"name":"wp","href":"https:\/\/api.w.org\/{rel}","templated":true}]}}