{"id":12175,"date":"2026-08-31T11:05:28","date_gmt":"2026-08-31T11:05:28","guid":{"rendered":"https:\/\/zango.co.ao\/?p=12175"},"modified":"2026-08-31T11:05:29","modified_gmt":"2026-08-31T11:05:29","slug":"morre-bino-branco-referencia-do-funana-e-fundador-dos-ferro-gaita-aos-56-anos","status":"publish","type":"post","link":"https:\/\/zango.co.ao\/index.php\/2026\/08\/31\/morre-bino-branco-referencia-do-funana-e-fundador-dos-ferro-gaita-aos-56-anos\/","title":{"rendered":"Morre Bino Branco, refer\u00eancia do funan\u00e1 e fundador dos Ferro Gaita, aos 56 anos"},"content":{"rendered":"\n<p class=\"wp-block-paragraph\">Cabo Verde perdeu neste s\u00e1bado, 29 de agosto de 2026, uma das suas vozes mais marcantes. Carlos Alberto Pereira Lopes, conhecido artisticamente como Bino Branco, morreu nos Estados Unidos, aos 56 anos, onde estava em tratamento de uma doen\u00e7a oncol\u00f3gica desde 2025.<\/p>\n\n\n\n<p class=\"wp-block-paragraph\"> Nascido a 29 de dezembro de 1969, na cidade da Praia, Bino Branco come\u00e7ou a carreira em grupos juvenis. Destacou-se como vocalista principal do Grupo Djassy antes de viver um tempo na ilha Brava.A viragem veio em 1996, quando fundou os Ferro Gaita junto com Edu\u00edno e Paulino Preto. <\/p>\n\n\n\n<p class=\"wp-block-paragraph\">O grupo nasceu com um prop\u00f3sito claro: recuperar a sonoridade tradicional do funan\u00e1, numa \u00e9poca em que teclados e eletr\u00f3nicos dominavam o g\u00e9nero. <\/p>\n\n\n\n<p class=\"wp-block-paragraph\">O primeiro disco, \u201cFundu Baxu\u201d, lan\u00e7ado em 1997, fez sucesso em Cabo Verde e na di\u00e1spora e marcou o regresso do ferrinho e da gaita ao centro do funan\u00e1. Ao longo de mais de 30 anos de carreira, Bino Branco tornou-se insepar\u00e1vel do ferrinho.<\/p>\n\n\n\n<p class=\"wp-block-paragraph\">Com ele, ajudou a devolver protagonismo ao instrumento tradicional de Santiago, ao lado da gaita. A sua imagem ficou t\u00e3o ligada ao ferrinho que \u00e9 hoje refer\u00eancia quando se fala do instrumento na m\u00fasica cabo-verdiana. <\/p>\n\n\n\n<p class=\"wp-block-paragraph\">Com os Ferro Gaita gravou sete \u00e1lbuns originais, fez digress\u00f5es pela Europa, \u00c1frica e Am\u00e9rica, colaborou com outros artistas e lan\u00e7ou tamb\u00e9m trabalho a solo. Dedicou ainda parte do percurso a promover outros ritmos de Santiago como batuku e tabanka. Reconhecimento e \u00faltimos anosEm 2007, os Ferro Gaita receberam a Medalha Nacional de M\u00e9rito Cultural. <\/p>\n\n\n\n<p class=\"wp-block-paragraph\">Em 2024 o grupo assinou protocolo com o Minist\u00e9rio da Cultura para a preserva\u00e7\u00e3o do funan\u00e1 como patrim\u00f3nio imaterial nacional. A doen\u00e7a de Bino Branco tornou-se p\u00fablica em 2026. Em junho, o Governo de Cabo Verde aprovou-lhe uma pens\u00e3o mensal de 75 mil escudos, cerca de 680 euros, devido \u00e0 impossibilidade de continuar a trabalhar e pelo contributo prestado \u00e0 cultura. <\/p>\n\n\n\n<p class=\"wp-block-paragraph\">Estava nos EUA desde 2025 para tratamento. O grupo lamentou a perda do \u201cgrande amigo e irm\u00e3o\u201d. O percussionista Manel di Tilinha descreveu-o como \u201cdivertido, alegre e que levava a vida na simplicidade\u201d.<\/p>\n\n\n\n<p class=\"wp-block-paragraph\"> O Minist\u00e9rio da Cultura, Ind\u00fastrias Criativas, Juventude e Desporto expressou \u201cprofundas condol\u00eancias\u201d. Nas redes sociais, familiares, m\u00fasicos e f\u00e3s publicaram mensagens de pesar e homenagem na noite de s\u00e1bado.<\/p>\n\n\n\n<p class=\"wp-block-paragraph\">Para muitos, Bino Branco foi mais do que vocalista. Foi um dos nomes que ajudaram a internacionalizar o funan\u00e1 e a manter viva a sua matriz tradicional.Bino Branco deixa um legado de m\u00fasica, identidade e resist\u00eancia cultural. A sua voz e o seu ferrinho marcaram gera\u00e7\u00f5es e levaram o nome de Cabo Verde muito al\u00e9m das ilhas.<\/p>\n","protected":false},"excerpt":{"rendered":"<p>Cabo Verde perdeu neste s\u00e1bado, 29 de agosto de 2026, uma das suas vozes mais marcantes. Carlos Alberto Pereira Lopes, conhecido artisticamente como Bino Branco, morreu nos Estados Unidos, aos [&hellip;]<\/p>\n","protected":false},"author":17,"featured_media":12176,"comment_status":"open","ping_status":"open","sticky":false,"template":"","format":"standard","meta":{"_acf_changed":false,"om_disable_all_campaigns":false,"_monsterinsights_skip_tracking":false,"_uf_show_specific_survey":0,"_uf_disable_surveys":false,"footnotes":""},"categories":[9],"tags":[],"class_list":["post-12175","post","type-post","status-publish","format-standard","has-post-thumbnail","hentry","category-culture"],"acf":[],"aioseo_notices":[],"aioseo_head":"\n\t\t<!-- All in One SEO 5.0.1.1 - aioseo.com -->\n\t<meta name=\"description\" content=\"Cabo Verde perdeu neste s\u00e1bado, 29 de agosto de 2026, uma das suas vozes mais marcantes. Carlos Alberto Pereira Lopes, conhecido artisticamente como Bino Branco, morreu nos Estados Unidos, aos 56 anos, onde estava em tratamento de uma doen\u00e7a oncol\u00f3gica desde 2025. Nascido a 29 de dezembro de 1969, na cidade da Praia, Bino Branco\" \/>\n\t<meta name=\"robots\" content=\"max-image-preview:large\" \/>\n\t<meta name=\"author\" content=\"Eunice Goncalves\"\/>\n\t<link rel=\"canonical\" href=\"https:\/\/zango.co.ao\/index.php\/2026\/08\/31\/morre-bino-branco-referencia-do-funana-e-fundador-dos-ferro-gaita-aos-56-anos\/\" \/>\n\t<meta name=\"generator\" content=\"All in One SEO (AIOSEO) 5.0.1.1\" \/>\n\t\t<meta property=\"og:locale\" content=\"pt_PT\" \/>\n\t\t<meta property=\"og:site_name\" content=\"Zango - Comunicamos Juntos\" \/>\n\t\t<meta property=\"og:type\" content=\"article\" \/>\n\t\t<meta property=\"og:title\" content=\"Morre Bino Branco, refer\u00eancia do funan\u00e1 e fundador dos Ferro Gaita, aos 56 anos - Zango\" \/>\n\t\t<meta property=\"og:description\" content=\"Cabo Verde perdeu neste s\u00e1bado, 29 de agosto de 2026, uma das suas vozes mais marcantes. Carlos Alberto Pereira Lopes, conhecido artisticamente como Bino Branco, morreu nos Estados Unidos, aos 56 anos, onde estava em tratamento de uma doen\u00e7a oncol\u00f3gica desde 2025. Nascido a 29 de dezembro de 1969, na cidade da Praia, Bino Branco\" \/>\n\t\t<meta property=\"og:url\" content=\"https:\/\/zango.co.ao\/index.php\/2026\/08\/31\/morre-bino-branco-referencia-do-funana-e-fundador-dos-ferro-gaita-aos-56-anos\/\" \/>\n\t\t<meta property=\"article:published_time\" content=\"2026-08-31T11:05:28+00:00\" \/>\n\t\t<meta property=\"article:modified_time\" content=\"2026-08-31T11:05:29+00:00\" \/>\n\t\t<meta name=\"twitter:card\" content=\"summary_large_image\" \/>\n\t\t<meta name=\"twitter:title\" content=\"Morre Bino Branco, refer\u00eancia do funan\u00e1 e fundador dos Ferro Gaita, aos 56 anos - Zango\" \/>\n\t\t<meta name=\"twitter:description\" content=\"Cabo Verde perdeu neste s\u00e1bado, 29 de agosto de 2026, uma das suas vozes mais marcantes. Carlos Alberto Pereira Lopes, conhecido artisticamente como Bino Branco, morreu nos Estados Unidos, aos 56 anos, onde estava em tratamento de uma doen\u00e7a oncol\u00f3gica desde 2025. Nascido a 29 de dezembro de 1969, na cidade da Praia, Bino Branco\" \/>\n\t\t<script type=\"application\/ld+json\" class=\"aioseo-schema\">\n\t\t\t{\"@context\":\"https:\\\/\\\/schema.org\",\"@graph\":[{\"@type\":\"BlogPosting\",\"@id\":\"https:\\\/\\\/zango.co.ao\\\/index.php\\\/2026\\\/08\\\/31\\\/morre-bino-branco-referencia-do-funana-e-fundador-dos-ferro-gaita-aos-56-anos\\\/#blogposting\",\"name\":\"Morre Bino Branco, refer\\u00eancia do funan\\u00e1 e fundador dos Ferro Gaita, aos 56 anos - Zango\",\"headline\":\"Morre Bino Branco, refer\\u00eancia do funan\\u00e1 e fundador dos Ferro Gaita, aos 56 anos\",\"author\":{\"@id\":\"https:\\\/\\\/zango.co.ao\\\/index.php\\\/author\\\/eunice-goncalves\\\/#author\"},\"publisher\":{\"@id\":\"https:\\\/\\\/zango.co.ao\\\/#organization\"},\"image\":{\"@type\":\"ImageObject\",\"url\":\"https:\\\/\\\/zango.co.ao\\\/wp-content\\\/uploads\\\/2026\\\/08\\\/IMG-20260831-WA0040.jpg\",\"width\":646,\"height\":946},\"datePublished\":\"2026-08-31T11:05:28+00:00\",\"dateModified\":\"2026-08-31T11:05:29+00:00\",\"inLanguage\":\"pt-AO\",\"mainEntityOfPage\":{\"@id\":\"https:\\\/\\\/zango.co.ao\\\/index.php\\\/2026\\\/08\\\/31\\\/morre-bino-branco-referencia-do-funana-e-fundador-dos-ferro-gaita-aos-56-anos\\\/#webpage\"},\"isPartOf\":{\"@id\":\"https:\\\/\\\/zango.co.ao\\\/index.php\\\/2026\\\/08\\\/31\\\/morre-bino-branco-referencia-do-funana-e-fundador-dos-ferro-gaita-aos-56-anos\\\/#webpage\"},\"articleSection\":\"Cultura\"},{\"@type\":\"BreadcrumbList\",\"@id\":\"https:\\\/\\\/zango.co.ao\\\/index.php\\\/2026\\\/08\\\/31\\\/morre-bino-branco-referencia-do-funana-e-fundador-dos-ferro-gaita-aos-56-anos\\\/#breadcrumblist\",\"itemListElement\":[{\"@type\":\"ListItem\",\"@id\":\"https:\\\/\\\/zango.co.ao#listItem\",\"position\":1,\"name\":\"Home\",\"item\":\"https:\\\/\\\/zango.co.ao\",\"nextItem\":{\"@type\":\"ListItem\",\"@id\":\"https:\\\/\\\/zango.co.ao\\\/index.php\\\/category\\\/culture\\\/#listItem\",\"name\":\"Cultura\"}},{\"@type\":\"ListItem\",\"@id\":\"https:\\\/\\\/zango.co.ao\\\/index.php\\\/category\\\/culture\\\/#listItem\",\"position\":2,\"name\":\"Cultura\",\"item\":\"https:\\\/\\\/zango.co.ao\\\/index.php\\\/category\\\/culture\\\/\",\"nextItem\":{\"@type\":\"ListItem\",\"@id\":\"https:\\\/\\\/zango.co.ao\\\/index.php\\\/2026\\\/08\\\/31\\\/morre-bino-branco-referencia-do-funana-e-fundador-dos-ferro-gaita-aos-56-anos\\\/#listItem\",\"name\":\"Morre Bino Branco, refer\\u00eancia do funan\\u00e1 e fundador dos Ferro Gaita, aos 56 anos\"},\"previousItem\":{\"@type\":\"ListItem\",\"@id\":\"https:\\\/\\\/zango.co.ao#listItem\",\"name\":\"Home\"}},{\"@type\":\"ListItem\",\"@id\":\"https:\\\/\\\/zango.co.ao\\\/index.php\\\/2026\\\/08\\\/31\\\/morre-bino-branco-referencia-do-funana-e-fundador-dos-ferro-gaita-aos-56-anos\\\/#listItem\",\"position\":3,\"name\":\"Morre Bino Branco, refer\\u00eancia do funan\\u00e1 e fundador dos Ferro Gaita, aos 56 anos\",\"previousItem\":{\"@type\":\"ListItem\",\"@id\":\"https:\\\/\\\/zango.co.ao\\\/index.php\\\/category\\\/culture\\\/#listItem\",\"name\":\"Cultura\"}}]},{\"@type\":\"Organization\",\"@id\":\"https:\\\/\\\/zango.co.ao\\\/#organization\",\"name\":\"Zango\",\"description\":\"Comunicamos Juntos\",\"url\":\"https:\\\/\\\/zango.co.ao\\\/\"},{\"@type\":\"Person\",\"@id\":\"https:\\\/\\\/zango.co.ao\\\/index.php\\\/author\\\/eunice-goncalves\\\/#author\",\"url\":\"https:\\\/\\\/zango.co.ao\\\/index.php\\\/author\\\/eunice-goncalves\\\/\",\"name\":\"Eunice Goncalves\",\"image\":{\"@type\":\"ImageObject\",\"@id\":\"https:\\\/\\\/zango.co.ao\\\/index.php\\\/2026\\\/08\\\/31\\\/morre-bino-branco-referencia-do-funana-e-fundador-dos-ferro-gaita-aos-56-anos\\\/#authorImage\",\"url\":\"https:\\\/\\\/secure.gravatar.com\\\/avatar\\\/7b5b89a523af44a869881b4816c297b92ed6d00b15a7b8ef54c3c38b4dabc3df?s=96&d=mm&r=g\",\"width\":96,\"height\":96,\"caption\":\"Eunice Goncalves\"}},{\"@type\":\"WebPage\",\"@id\":\"https:\\\/\\\/zango.co.ao\\\/index.php\\\/2026\\\/08\\\/31\\\/morre-bino-branco-referencia-do-funana-e-fundador-dos-ferro-gaita-aos-56-anos\\\/#webpage\",\"url\":\"https:\\\/\\\/zango.co.ao\\\/index.php\\\/2026\\\/08\\\/31\\\/morre-bino-branco-referencia-do-funana-e-fundador-dos-ferro-gaita-aos-56-anos\\\/\",\"name\":\"Morre Bino Branco, refer\\u00eancia do funan\\u00e1 e fundador dos Ferro Gaita, aos 56 anos - Zango\",\"description\":\"Cabo Verde perdeu neste s\\u00e1bado, 29 de agosto de 2026, uma das suas vozes mais marcantes. Carlos Alberto Pereira Lopes, conhecido artisticamente como Bino Branco, morreu nos Estados Unidos, aos 56 anos, onde estava em tratamento de uma doen\\u00e7a oncol\\u00f3gica desde 2025. Nascido a 29 de dezembro de 1969, na cidade da Praia, Bino Branco\",\"inLanguage\":\"pt-AO\",\"isPartOf\":{\"@id\":\"https:\\\/\\\/zango.co.ao\\\/#website\"},\"breadcrumb\":{\"@id\":\"https:\\\/\\\/zango.co.ao\\\/index.php\\\/2026\\\/08\\\/31\\\/morre-bino-branco-referencia-do-funana-e-fundador-dos-ferro-gaita-aos-56-anos\\\/#breadcrumblist\"},\"author\":{\"@id\":\"https:\\\/\\\/zango.co.ao\\\/index.php\\\/author\\\/eunice-goncalves\\\/#author\"},\"creator\":{\"@id\":\"https:\\\/\\\/zango.co.ao\\\/index.php\\\/author\\\/eunice-goncalves\\\/#author\"},\"image\":{\"@type\":\"ImageObject\",\"url\":\"https:\\\/\\\/zango.co.ao\\\/wp-content\\\/uploads\\\/2026\\\/08\\\/IMG-20260831-WA0040.jpg\",\"@id\":\"https:\\\/\\\/zango.co.ao\\\/index.php\\\/2026\\\/08\\\/31\\\/morre-bino-branco-referencia-do-funana-e-fundador-dos-ferro-gaita-aos-56-anos\\\/#mainImage\",\"width\":646,\"height\":946},\"primaryImageOfPage\":{\"@id\":\"https:\\\/\\\/zango.co.ao\\\/index.php\\\/2026\\\/08\\\/31\\\/morre-bino-branco-referencia-do-funana-e-fundador-dos-ferro-gaita-aos-56-anos\\\/#mainImage\"},\"datePublished\":\"2026-08-31T11:05:28+00:00\",\"dateModified\":\"2026-08-31T11:05:29+00:00\"},{\"@type\":\"WebSite\",\"@id\":\"https:\\\/\\\/zango.co.ao\\\/#website\",\"url\":\"https:\\\/\\\/zango.co.ao\\\/\",\"name\":\"Zango\",\"description\":\"Comunicamos Juntos\",\"inLanguage\":\"pt-AO\",\"publisher\":{\"@id\":\"https:\\\/\\\/zango.co.ao\\\/#organization\"}}]}\n\t\t<\/script>\n\t\t<!-- All in One SEO -->\n\n","aioseo_head_json":{"title":"Morre Bino Branco, refer\u00eancia do funan\u00e1 e fundador dos Ferro Gaita, aos 56 anos - Zango","description":"Cabo Verde perdeu neste s\u00e1bado, 29 de agosto de 2026, uma das suas vozes mais marcantes. Carlos Alberto Pereira Lopes, conhecido artisticamente como Bino Branco, morreu nos Estados Unidos, aos 56 anos, onde estava em tratamento de uma doen\u00e7a oncol\u00f3gica desde 2025. Nascido a 29 de dezembro de 1969, na cidade da Praia, Bino Branco","canonical_url":"https:\/\/zango.co.ao\/index.php\/2026\/08\/31\/morre-bino-branco-referencia-do-funana-e-fundador-dos-ferro-gaita-aos-56-anos\/","robots":"max-image-preview:large","keywords":"","webmasterTools":{"miscellaneous":""},"schema":{"@context":"https:\/\/schema.org","@graph":[{"@type":"BlogPosting","@id":"https:\/\/zango.co.ao\/index.php\/2026\/08\/31\/morre-bino-branco-referencia-do-funana-e-fundador-dos-ferro-gaita-aos-56-anos\/#blogposting","name":"Morre Bino Branco, refer\u00eancia do funan\u00e1 e fundador dos Ferro Gaita, aos 56 anos - Zango","headline":"Morre Bino Branco, refer\u00eancia do funan\u00e1 e fundador dos Ferro Gaita, aos 56 anos","author":{"@id":"https:\/\/zango.co.ao\/index.php\/author\/eunice-goncalves\/#author"},"publisher":{"@id":"https:\/\/zango.co.ao\/#organization"},"image":{"@type":"ImageObject","url":"https:\/\/zango.co.ao\/wp-content\/uploads\/2026\/08\/IMG-20260831-WA0040.jpg","width":646,"height":946},"datePublished":"2026-08-31T11:05:28+00:00","dateModified":"2026-08-31T11:05:29+00:00","inLanguage":"pt-AO","mainEntityOfPage":{"@id":"https:\/\/zango.co.ao\/index.php\/2026\/08\/31\/morre-bino-branco-referencia-do-funana-e-fundador-dos-ferro-gaita-aos-56-anos\/#webpage"},"isPartOf":{"@id":"https:\/\/zango.co.ao\/index.php\/2026\/08\/31\/morre-bino-branco-referencia-do-funana-e-fundador-dos-ferro-gaita-aos-56-anos\/#webpage"},"articleSection":"Cultura"},{"@type":"BreadcrumbList","@id":"https:\/\/zango.co.ao\/index.php\/2026\/08\/31\/morre-bino-branco-referencia-do-funana-e-fundador-dos-ferro-gaita-aos-56-anos\/#breadcrumblist","itemListElement":[{"@type":"ListItem","@id":"https:\/\/zango.co.ao#listItem","position":1,"name":"Home","item":"https:\/\/zango.co.ao","nextItem":{"@type":"ListItem","@id":"https:\/\/zango.co.ao\/index.php\/category\/culture\/#listItem","name":"Cultura"}},{"@type":"ListItem","@id":"https:\/\/zango.co.ao\/index.php\/category\/culture\/#listItem","position":2,"name":"Cultura","item":"https:\/\/zango.co.ao\/index.php\/category\/culture\/","nextItem":{"@type":"ListItem","@id":"https:\/\/zango.co.ao\/index.php\/2026\/08\/31\/morre-bino-branco-referencia-do-funana-e-fundador-dos-ferro-gaita-aos-56-anos\/#listItem","name":"Morre Bino Branco, refer\u00eancia do funan\u00e1 e fundador dos Ferro Gaita, aos 56 anos"},"previousItem":{"@type":"ListItem","@id":"https:\/\/zango.co.ao#listItem","name":"Home"}},{"@type":"ListItem","@id":"https:\/\/zango.co.ao\/index.php\/2026\/08\/31\/morre-bino-branco-referencia-do-funana-e-fundador-dos-ferro-gaita-aos-56-anos\/#listItem","position":3,"name":"Morre Bino Branco, refer\u00eancia do funan\u00e1 e fundador dos Ferro Gaita, aos 56 anos","previousItem":{"@type":"ListItem","@id":"https:\/\/zango.co.ao\/index.php\/category\/culture\/#listItem","name":"Cultura"}}]},{"@type":"Organization","@id":"https:\/\/zango.co.ao\/#organization","name":"Zango","description":"Comunicamos Juntos","url":"https:\/\/zango.co.ao\/"},{"@type":"Person","@id":"https:\/\/zango.co.ao\/index.php\/author\/eunice-goncalves\/#author","url":"https:\/\/zango.co.ao\/index.php\/author\/eunice-goncalves\/","name":"Eunice Goncalves","image":{"@type":"ImageObject","@id":"https:\/\/zango.co.ao\/index.php\/2026\/08\/31\/morre-bino-branco-referencia-do-funana-e-fundador-dos-ferro-gaita-aos-56-anos\/#authorImage","url":"https:\/\/secure.gravatar.com\/avatar\/7b5b89a523af44a869881b4816c297b92ed6d00b15a7b8ef54c3c38b4dabc3df?s=96&d=mm&r=g","width":96,"height":96,"caption":"Eunice Goncalves"}},{"@type":"WebPage","@id":"https:\/\/zango.co.ao\/index.php\/2026\/08\/31\/morre-bino-branco-referencia-do-funana-e-fundador-dos-ferro-gaita-aos-56-anos\/#webpage","url":"https:\/\/zango.co.ao\/index.php\/2026\/08\/31\/morre-bino-branco-referencia-do-funana-e-fundador-dos-ferro-gaita-aos-56-anos\/","name":"Morre Bino Branco, refer\u00eancia do funan\u00e1 e fundador dos Ferro Gaita, aos 56 anos - Zango","description":"Cabo Verde perdeu neste s\u00e1bado, 29 de agosto de 2026, uma das suas vozes mais marcantes. Carlos Alberto Pereira Lopes, conhecido artisticamente como Bino Branco, morreu nos Estados Unidos, aos 56 anos, onde estava em tratamento de uma doen\u00e7a oncol\u00f3gica desde 2025. Nascido a 29 de dezembro de 1969, na cidade da Praia, Bino Branco","inLanguage":"pt-AO","isPartOf":{"@id":"https:\/\/zango.co.ao\/#website"},"breadcrumb":{"@id":"https:\/\/zango.co.ao\/index.php\/2026\/08\/31\/morre-bino-branco-referencia-do-funana-e-fundador-dos-ferro-gaita-aos-56-anos\/#breadcrumblist"},"author":{"@id":"https:\/\/zango.co.ao\/index.php\/author\/eunice-goncalves\/#author"},"creator":{"@id":"https:\/\/zango.co.ao\/index.php\/author\/eunice-goncalves\/#author"},"image":{"@type":"ImageObject","url":"https:\/\/zango.co.ao\/wp-content\/uploads\/2026\/08\/IMG-20260831-WA0040.jpg","@id":"https:\/\/zango.co.ao\/index.php\/2026\/08\/31\/morre-bino-branco-referencia-do-funana-e-fundador-dos-ferro-gaita-aos-56-anos\/#mainImage","width":646,"height":946},"primaryImageOfPage":{"@id":"https:\/\/zango.co.ao\/index.php\/2026\/08\/31\/morre-bino-branco-referencia-do-funana-e-fundador-dos-ferro-gaita-aos-56-anos\/#mainImage"},"datePublished":"2026-08-31T11:05:28+00:00","dateModified":"2026-08-31T11:05:29+00:00"},{"@type":"WebSite","@id":"https:\/\/zango.co.ao\/#website","url":"https:\/\/zango.co.ao\/","name":"Zango","description":"Comunicamos Juntos","inLanguage":"pt-AO","publisher":{"@id":"https:\/\/zango.co.ao\/#organization"}}]},"og:locale":"pt_PT","og:site_name":"Zango - Comunicamos Juntos","og:type":"article","og:title":"Morre Bino Branco, refer\u00eancia do funan\u00e1 e fundador dos Ferro Gaita, aos 56 anos - Zango","og:description":"Cabo Verde perdeu neste s\u00e1bado, 29 de agosto de 2026, uma das suas vozes mais marcantes. Carlos Alberto Pereira Lopes, conhecido artisticamente como Bino Branco, morreu nos Estados Unidos, aos 56 anos, onde estava em tratamento de uma doen\u00e7a oncol\u00f3gica desde 2025. Nascido a 29 de dezembro de 1969, na cidade da Praia, Bino Branco","og:url":"https:\/\/zango.co.ao\/index.php\/2026\/08\/31\/morre-bino-branco-referencia-do-funana-e-fundador-dos-ferro-gaita-aos-56-anos\/","article:published_time":"2026-08-31T11:05:28+00:00","article:modified_time":"2026-08-31T11:05:29+00:00","twitter:card":"summary_large_image","twitter:title":"Morre Bino Branco, refer\u00eancia do funan\u00e1 e fundador dos Ferro Gaita, aos 56 anos - Zango","twitter:description":"Cabo Verde perdeu neste s\u00e1bado, 29 de agosto de 2026, uma das suas vozes mais marcantes. Carlos Alberto Pereira Lopes, conhecido artisticamente como Bino Branco, morreu nos Estados Unidos, aos 56 anos, onde estava em tratamento de uma doen\u00e7a oncol\u00f3gica desde 2025. Nascido a 29 de dezembro de 1969, na cidade da Praia, Bino Branco"},"aioseo_meta_data":{"post_id":"12175","title":null,"description":null,"keywords":null,"keyphrases":{"focus":{"keyphrase":"","score":0,"analysis":{"keyphraseInTitle":{"score":0,"maxScore":9,"error":1}}},"additional":[]},"primary_term":null,"canonical_url":null,"og_title":null,"og_description":null,"og_object_type":"default","og_image_type":"default","og_image_url":null,"og_image_width":null,"og_image_height":null,"og_image_custom_url":null,"og_image_custom_fields":null,"og_video":"","og_custom_url":null,"og_article_section":null,"og_article_tags":null,"twitter_use_og":false,"twitter_card":"default","twitter_image_type":"default","twitter_image_url":null,"twitter_image_custom_url":null,"twitter_image_custom_fields":null,"twitter_title":null,"twitter_description":null,"schema":{"blockGraphs":[],"customGraphs":[],"default":{"data":{"Article":[],"Course":[],"Dataset":[],"FAQPage":[],"Movie":[],"Person":[],"Product":[],"ProductReview":[],"Car":[],"Recipe":[],"Service":[],"SoftwareApplication":[],"WebPage":[]},"graphName":"BlogPosting","isEnabled":true},"graphs":[]},"schema_type":"default","schema_type_options":null,"pillar_content":false,"robots_default":true,"robots_noindex":false,"robots_noarchive":false,"robots_nosnippet":false,"robots_nofollow":false,"robots_noimageindex":false,"robots_noodp":false,"robots_notranslate":false,"robots_max_snippet":"-1","robots_max_videopreview":"-1","robots_max_imagepreview":"large","priority":null,"frequency":"default","local_seo":null,"breadcrumb_settings":null,"limit_modified_date":false,"ai":{"faqs":[],"keyPoints":[],"schemas":[],"titles":[],"descriptions":[],"socialPosts":{"email":{"subject":"","preview":"","content":""},"linkedin":[],"twitter":[],"facebook":[],"instagram":[]}},"created":"2026-08-31 11:05:29","updated":"2026-08-31 12:37:50","seo_analyzer_scan_date":null,"focus_keyword":null,"additional_keywords":null,"truseo_locale":null},"aioseo_breadcrumb":"<div class=\"aioseo-breadcrumbs\"><span class=\"aioseo-breadcrumb\">\n\t\t\t<a href=\"https:\/\/zango.co.ao\" title=\"Home\">Home<\/a>\n\t\t<\/span><span class=\"aioseo-breadcrumb-separator\">&raquo;<\/span><span class=\"aioseo-breadcrumb\">\n\t\t\t<a href=\"https:\/\/zango.co.ao\/index.php\/category\/culture\/\" title=\"Cultura\">Cultura<\/a>\n\t\t<\/span><span class=\"aioseo-breadcrumb-separator\">&raquo;<\/span><span class=\"aioseo-breadcrumb\">\n\t\t\tMorre Bino Branco, refer\u00eancia do funan\u00e1 e fundador dos Ferro Gaita, aos 56 anos\n\t\t<\/span><\/div>","aioseo_breadcrumb_json":[{"label":"Home","link":"https:\/\/zango.co.ao"},{"label":"Cultura","link":"https:\/\/zango.co.ao\/index.php\/category\/culture\/"},{"label":"Morre Bino Branco, refer\u00eancia do funan\u00e1 e fundador dos Ferro Gaita, aos 56 anos","link":"https:\/\/zango.co.ao\/index.php\/2026\/08\/31\/morre-bino-branco-referencia-do-funana-e-fundador-dos-ferro-gaita-aos-56-anos\/"}],"_links":{"self":[{"href":"https:\/\/zango.co.ao\/index.php\/wp-json\/wp\/v2\/posts\/12175","targetHints":{"allow":["GET"]}}],"collection":[{"href":"https:\/\/zango.co.ao\/index.php\/wp-json\/wp\/v2\/posts"}],"about":[{"href":"https:\/\/zango.co.ao\/index.php\/wp-json\/wp\/v2\/types\/post"}],"author":[{"embeddable":true,"href":"https:\/\/zango.co.ao\/index.php\/wp-json\/wp\/v2\/users\/17"}],"replies":[{"embeddable":true,"href":"https:\/\/zango.co.ao\/index.php\/wp-json\/wp\/v2\/comments?post=12175"}],"version-history":[{"count":1,"href":"https:\/\/zango.co.ao\/index.php\/wp-json\/wp\/v2\/posts\/12175\/revisions"}],"predecessor-version":[{"id":12177,"href":"https:\/\/zango.co.ao\/index.php\/wp-json\/wp\/v2\/posts\/12175\/revisions\/12177"}],"wp:featuredmedia":[{"embeddable":true,"href":"https:\/\/zango.co.ao\/index.php\/wp-json\/wp\/v2\/media\/12176"}],"wp:attachment":[{"href":"https:\/\/zango.co.ao\/index.php\/wp-json\/wp\/v2\/media?parent=12175"}],"wp:term":[{"taxonomy":"category","embeddable":true,"href":"https:\/\/zango.co.ao\/index.php\/wp-json\/wp\/v2\/categories?post=12175"},{"taxonomy":"post_tag","embeddable":true,"href":"https:\/\/zango.co.ao\/index.php\/wp-json\/wp\/v2\/tags?post=12175"}],"curies":[{"name":"wp","href":"https:\/\/api.w.org\/{rel}","templated":true}]}}