{"id":12184,"date":"2026-09-01T11:58:34","date_gmt":"2026-09-01T11:58:34","guid":{"rendered":"https:\/\/zango.co.ao\/?p=12184"},"modified":"2026-09-01T11:58:36","modified_gmt":"2026-09-01T11:58:36","slug":"lionel-messi-anuncia-despedida-definitiva-da-seleccao-argentina","status":"publish","type":"post","link":"https:\/\/zango.co.ao\/index.php\/2026\/09\/01\/lionel-messi-anuncia-despedida-definitiva-da-seleccao-argentina\/","title":{"rendered":"Lionel Messi anuncia despedida definitiva da selec\u00e7\u00e3o argentina"},"content":{"rendered":"\n<p class=\"wp-block-paragraph\"><\/p>\n\n\n\n<p class=\"wp-block-paragraph\">O atacante Lionel Messi anunciou, nesta segunda-feira, dia 31, a sua aposentadoria definitiva da selec\u00e7\u00e3o da Argentina.<\/p>\n\n\n\n<p class=\"wp-block-paragraph\">Num comunicado divulgado nas suas redes sociais, o astro argentino afirmou que a decis\u00e3o lhe \u201cd\u00f3i na alma\u201d, mas considera ser o momento certo para encerrar o seu percurso ao servi\u00e7o da Albiceleste.<\/p>\n\n\n\n<p class=\"wp-block-paragraph\">\u201cFalta pouco tempo e as fases da vida v\u00e3o-se encerrando, e esta \u00e9 uma que me d\u00f3i muito. Amo, amei e sempre amarei estar na selec\u00e7\u00e3o. Dei tudo de mim, j\u00e1 n\u00e3o tenho mais nada a oferecer e, al\u00e9m disso, h\u00e1 jovens excelentes vindo atr\u00e1s que merecem estar aqui\u201d, escreveu o jogador.<\/p>\n\n\n\n<p class=\"wp-block-paragraph\">Messi agradeceu ainda o carinho recebido ao longo das \u00faltimas duas d\u00e9cadas e afirmou que continuar\u00e1 a apoiar a selec\u00e7\u00e3o, desta vez fora dos relvados.<\/p>\n\n\n\n<p class=\"wp-block-paragraph\">\u201cObrigado por todo o carinho destes 20 anos. Vou sentir muita falta de ouvi-los de dentro de campo. Agora serei apenas mais um de voc\u00eas, apoiando e incentivando sempre de fora, nos bons e nos maus momentos, ainda mais nos maus\u201d, acrescentou.<\/p>\n\n\n\n<p class=\"wp-block-paragraph\">Esta n\u00e3o \u00e9 a primeira vez que Messi anuncia uma despedida da selec\u00e7\u00e3o. Em 2016, o jogador chegou a afastar-se da equipa nacional, mas regressou no ano seguinte.<\/p>\n\n\n\n<p class=\"wp-block-paragraph\">Ao longo de 22 anos, entre as categorias de forma\u00e7\u00e3o e a selec\u00e7\u00e3o principal, Messi representou a Argentina entre 2004 e 2026.<\/p>\n\n\n\n<p class=\"wp-block-paragraph\">Pela equipa principal, o craque somou 207 partidas e marcou 125 golos.<\/p>\n\n\n\n<p class=\"wp-block-paragraph\">Depois de um longo per\u00edodo sem conquistar grandes t\u00edtulos, Messi assumiu um papel determinante no regresso da Argentina \u00e0s conquistas internacionais.<\/p>\n\n\n\n<p class=\"wp-block-paragraph\">Sob a lideran\u00e7a do camisola 10, a Albiceleste conquistou a Copa Am\u00e9rica de 2021, a Final\u00edssima de 2022, o Campeonato do Mundo de 2022 e a Copa Am\u00e9rica de 2024, consolidando um dos per\u00edodos mais vitoriosos da hist\u00f3ria recente da selec\u00e7\u00e3o argentina.<\/p>\n","protected":false},"excerpt":{"rendered":"<p>O atacante Lionel Messi anunciou, nesta segunda-feira, dia 31, a sua aposentadoria definitiva da selec\u00e7\u00e3o da Argentina. Num comunicado divulgado nas suas redes sociais, o astro argentino afirmou que a [&hellip;]<\/p>\n","protected":false},"author":17,"featured_media":12185,"comment_status":"open","ping_status":"open","sticky":false,"template":"","format":"standard","meta":{"_acf_changed":false,"om_disable_all_campaigns":false,"_monsterinsights_skip_tracking":false,"_uf_show_specific_survey":0,"_uf_disable_surveys":false,"footnotes":""},"categories":[630],"tags":[],"class_list":["post-12184","post","type-post","status-publish","format-standard","has-post-thumbnail","hentry","category-desporto"],"acf":[],"aioseo_notices":[],"aioseo_head":"\n\t\t<!-- All in One SEO 5.0.1.1 - aioseo.com -->\n\t<meta name=\"description\" content=\"O atacante Lionel Messi anunciou, nesta segunda-feira, dia 31, a sua aposentadoria definitiva da selec\u00e7\u00e3o da Argentina. Num comunicado divulgado nas suas redes sociais, o astro argentino afirmou que a decis\u00e3o lhe \u201cd\u00f3i na alma\u201d, mas considera ser o momento certo para encerrar o seu percurso ao servi\u00e7o da Albiceleste. \u201cFalta pouco tempo e as\" \/>\n\t<meta name=\"robots\" content=\"max-image-preview:large\" \/>\n\t<meta name=\"author\" content=\"Eunice Goncalves\"\/>\n\t<link rel=\"canonical\" href=\"https:\/\/zango.co.ao\/index.php\/2026\/09\/01\/lionel-messi-anuncia-despedida-definitiva-da-seleccao-argentina\/\" \/>\n\t<meta name=\"generator\" content=\"All in One SEO (AIOSEO) 5.0.1.1\" \/>\n\t\t<meta property=\"og:locale\" content=\"pt_PT\" \/>\n\t\t<meta property=\"og:site_name\" content=\"Zango - Comunicamos Juntos\" \/>\n\t\t<meta property=\"og:type\" content=\"article\" \/>\n\t\t<meta property=\"og:title\" content=\"Lionel Messi anuncia despedida definitiva da selec\u00e7\u00e3o argentina - Zango\" \/>\n\t\t<meta property=\"og:description\" content=\"O atacante Lionel Messi anunciou, nesta segunda-feira, dia 31, a sua aposentadoria definitiva da selec\u00e7\u00e3o da Argentina. Num comunicado divulgado nas suas redes sociais, o astro argentino afirmou que a decis\u00e3o lhe \u201cd\u00f3i na alma\u201d, mas considera ser o momento certo para encerrar o seu percurso ao servi\u00e7o da Albiceleste. \u201cFalta pouco tempo e as\" \/>\n\t\t<meta property=\"og:url\" content=\"https:\/\/zango.co.ao\/index.php\/2026\/09\/01\/lionel-messi-anuncia-despedida-definitiva-da-seleccao-argentina\/\" \/>\n\t\t<meta property=\"article:published_time\" content=\"2026-09-01T11:58:34+00:00\" \/>\n\t\t<meta property=\"article:modified_time\" content=\"2026-09-01T11:58:36+00:00\" \/>\n\t\t<meta name=\"twitter:card\" content=\"summary_large_image\" \/>\n\t\t<meta name=\"twitter:title\" content=\"Lionel Messi anuncia despedida definitiva da selec\u00e7\u00e3o argentina - Zango\" \/>\n\t\t<meta name=\"twitter:description\" content=\"O atacante Lionel Messi anunciou, nesta segunda-feira, dia 31, a sua aposentadoria definitiva da selec\u00e7\u00e3o da Argentina. Num comunicado divulgado nas suas redes sociais, o astro argentino afirmou que a decis\u00e3o lhe \u201cd\u00f3i na alma\u201d, mas considera ser o momento certo para encerrar o seu percurso ao servi\u00e7o da Albiceleste. \u201cFalta pouco tempo e as\" \/>\n\t\t<script type=\"application\/ld+json\" class=\"aioseo-schema\">\n\t\t\t{\"@context\":\"https:\\\/\\\/schema.org\",\"@graph\":[{\"@type\":\"BlogPosting\",\"@id\":\"https:\\\/\\\/zango.co.ao\\\/index.php\\\/2026\\\/09\\\/01\\\/lionel-messi-anuncia-despedida-definitiva-da-seleccao-argentina\\\/#blogposting\",\"name\":\"Lionel Messi anuncia despedida definitiva da selec\\u00e7\\u00e3o argentina - Zango\",\"headline\":\"Lionel Messi anuncia despedida definitiva da selec\\u00e7\\u00e3o argentina\",\"author\":{\"@id\":\"https:\\\/\\\/zango.co.ao\\\/index.php\\\/author\\\/eunice-goncalves\\\/#author\"},\"publisher\":{\"@id\":\"https:\\\/\\\/zango.co.ao\\\/#organization\"},\"image\":{\"@type\":\"ImageObject\",\"url\":\"https:\\\/\\\/zango.co.ao\\\/wp-content\\\/uploads\\\/2026\\\/09\\\/IMG-20260901-WA0032.jpg\",\"width\":718,\"height\":466},\"datePublished\":\"2026-09-01T11:58:34+00:00\",\"dateModified\":\"2026-09-01T11:58:36+00:00\",\"inLanguage\":\"pt-AO\",\"mainEntityOfPage\":{\"@id\":\"https:\\\/\\\/zango.co.ao\\\/index.php\\\/2026\\\/09\\\/01\\\/lionel-messi-anuncia-despedida-definitiva-da-seleccao-argentina\\\/#webpage\"},\"isPartOf\":{\"@id\":\"https:\\\/\\\/zango.co.ao\\\/index.php\\\/2026\\\/09\\\/01\\\/lionel-messi-anuncia-despedida-definitiva-da-seleccao-argentina\\\/#webpage\"},\"articleSection\":\"Desporto\"},{\"@type\":\"BreadcrumbList\",\"@id\":\"https:\\\/\\\/zango.co.ao\\\/index.php\\\/2026\\\/09\\\/01\\\/lionel-messi-anuncia-despedida-definitiva-da-seleccao-argentina\\\/#breadcrumblist\",\"itemListElement\":[{\"@type\":\"ListItem\",\"@id\":\"https:\\\/\\\/zango.co.ao#listItem\",\"position\":1,\"name\":\"Home\",\"item\":\"https:\\\/\\\/zango.co.ao\",\"nextItem\":{\"@type\":\"ListItem\",\"@id\":\"https:\\\/\\\/zango.co.ao\\\/index.php\\\/category\\\/desporto\\\/#listItem\",\"name\":\"Desporto\"}},{\"@type\":\"ListItem\",\"@id\":\"https:\\\/\\\/zango.co.ao\\\/index.php\\\/category\\\/desporto\\\/#listItem\",\"position\":2,\"name\":\"Desporto\",\"item\":\"https:\\\/\\\/zango.co.ao\\\/index.php\\\/category\\\/desporto\\\/\",\"nextItem\":{\"@type\":\"ListItem\",\"@id\":\"https:\\\/\\\/zango.co.ao\\\/index.php\\\/2026\\\/09\\\/01\\\/lionel-messi-anuncia-despedida-definitiva-da-seleccao-argentina\\\/#listItem\",\"name\":\"Lionel Messi anuncia despedida definitiva da selec\\u00e7\\u00e3o argentina\"},\"previousItem\":{\"@type\":\"ListItem\",\"@id\":\"https:\\\/\\\/zango.co.ao#listItem\",\"name\":\"Home\"}},{\"@type\":\"ListItem\",\"@id\":\"https:\\\/\\\/zango.co.ao\\\/index.php\\\/2026\\\/09\\\/01\\\/lionel-messi-anuncia-despedida-definitiva-da-seleccao-argentina\\\/#listItem\",\"position\":3,\"name\":\"Lionel Messi anuncia despedida definitiva da selec\\u00e7\\u00e3o argentina\",\"previousItem\":{\"@type\":\"ListItem\",\"@id\":\"https:\\\/\\\/zango.co.ao\\\/index.php\\\/category\\\/desporto\\\/#listItem\",\"name\":\"Desporto\"}}]},{\"@type\":\"Organization\",\"@id\":\"https:\\\/\\\/zango.co.ao\\\/#organization\",\"name\":\"Zango\",\"description\":\"Comunicamos Juntos\",\"url\":\"https:\\\/\\\/zango.co.ao\\\/\"},{\"@type\":\"Person\",\"@id\":\"https:\\\/\\\/zango.co.ao\\\/index.php\\\/author\\\/eunice-goncalves\\\/#author\",\"url\":\"https:\\\/\\\/zango.co.ao\\\/index.php\\\/author\\\/eunice-goncalves\\\/\",\"name\":\"Eunice Goncalves\",\"image\":{\"@type\":\"ImageObject\",\"@id\":\"https:\\\/\\\/zango.co.ao\\\/index.php\\\/2026\\\/09\\\/01\\\/lionel-messi-anuncia-despedida-definitiva-da-seleccao-argentina\\\/#authorImage\",\"url\":\"https:\\\/\\\/secure.gravatar.com\\\/avatar\\\/7b5b89a523af44a869881b4816c297b92ed6d00b15a7b8ef54c3c38b4dabc3df?s=96&d=mm&r=g\",\"width\":96,\"height\":96,\"caption\":\"Eunice Goncalves\"}},{\"@type\":\"WebPage\",\"@id\":\"https:\\\/\\\/zango.co.ao\\\/index.php\\\/2026\\\/09\\\/01\\\/lionel-messi-anuncia-despedida-definitiva-da-seleccao-argentina\\\/#webpage\",\"url\":\"https:\\\/\\\/zango.co.ao\\\/index.php\\\/2026\\\/09\\\/01\\\/lionel-messi-anuncia-despedida-definitiva-da-seleccao-argentina\\\/\",\"name\":\"Lionel Messi anuncia despedida definitiva da selec\\u00e7\\u00e3o argentina - Zango\",\"description\":\"O atacante Lionel Messi anunciou, nesta segunda-feira, dia 31, a sua aposentadoria definitiva da selec\\u00e7\\u00e3o da Argentina. Num comunicado divulgado nas suas redes sociais, o astro argentino afirmou que a decis\\u00e3o lhe \\u201cd\\u00f3i na alma\\u201d, mas considera ser o momento certo para encerrar o seu percurso ao servi\\u00e7o da Albiceleste. \\u201cFalta pouco tempo e as\",\"inLanguage\":\"pt-AO\",\"isPartOf\":{\"@id\":\"https:\\\/\\\/zango.co.ao\\\/#website\"},\"breadcrumb\":{\"@id\":\"https:\\\/\\\/zango.co.ao\\\/index.php\\\/2026\\\/09\\\/01\\\/lionel-messi-anuncia-despedida-definitiva-da-seleccao-argentina\\\/#breadcrumblist\"},\"author\":{\"@id\":\"https:\\\/\\\/zango.co.ao\\\/index.php\\\/author\\\/eunice-goncalves\\\/#author\"},\"creator\":{\"@id\":\"https:\\\/\\\/zango.co.ao\\\/index.php\\\/author\\\/eunice-goncalves\\\/#author\"},\"image\":{\"@type\":\"ImageObject\",\"url\":\"https:\\\/\\\/zango.co.ao\\\/wp-content\\\/uploads\\\/2026\\\/09\\\/IMG-20260901-WA0032.jpg\",\"@id\":\"https:\\\/\\\/zango.co.ao\\\/index.php\\\/2026\\\/09\\\/01\\\/lionel-messi-anuncia-despedida-definitiva-da-seleccao-argentina\\\/#mainImage\",\"width\":718,\"height\":466},\"primaryImageOfPage\":{\"@id\":\"https:\\\/\\\/zango.co.ao\\\/index.php\\\/2026\\\/09\\\/01\\\/lionel-messi-anuncia-despedida-definitiva-da-seleccao-argentina\\\/#mainImage\"},\"datePublished\":\"2026-09-01T11:58:34+00:00\",\"dateModified\":\"2026-09-01T11:58:36+00:00\"},{\"@type\":\"WebSite\",\"@id\":\"https:\\\/\\\/zango.co.ao\\\/#website\",\"url\":\"https:\\\/\\\/zango.co.ao\\\/\",\"name\":\"Zango\",\"description\":\"Comunicamos Juntos\",\"inLanguage\":\"pt-AO\",\"publisher\":{\"@id\":\"https:\\\/\\\/zango.co.ao\\\/#organization\"}}]}\n\t\t<\/script>\n\t\t<!-- All in One SEO -->\n\n","aioseo_head_json":{"title":"Lionel Messi anuncia despedida definitiva da selec\u00e7\u00e3o argentina - Zango","description":"O atacante Lionel Messi anunciou, nesta segunda-feira, dia 31, a sua aposentadoria definitiva da selec\u00e7\u00e3o da Argentina. Num comunicado divulgado nas suas redes sociais, o astro argentino afirmou que a decis\u00e3o lhe \u201cd\u00f3i na alma\u201d, mas considera ser o momento certo para encerrar o seu percurso ao servi\u00e7o da Albiceleste. \u201cFalta pouco tempo e as","canonical_url":"https:\/\/zango.co.ao\/index.php\/2026\/09\/01\/lionel-messi-anuncia-despedida-definitiva-da-seleccao-argentina\/","robots":"max-image-preview:large","keywords":"","webmasterTools":{"miscellaneous":""},"schema":{"@context":"https:\/\/schema.org","@graph":[{"@type":"BlogPosting","@id":"https:\/\/zango.co.ao\/index.php\/2026\/09\/01\/lionel-messi-anuncia-despedida-definitiva-da-seleccao-argentina\/#blogposting","name":"Lionel Messi anuncia despedida definitiva da selec\u00e7\u00e3o argentina - Zango","headline":"Lionel Messi anuncia despedida definitiva da selec\u00e7\u00e3o argentina","author":{"@id":"https:\/\/zango.co.ao\/index.php\/author\/eunice-goncalves\/#author"},"publisher":{"@id":"https:\/\/zango.co.ao\/#organization"},"image":{"@type":"ImageObject","url":"https:\/\/zango.co.ao\/wp-content\/uploads\/2026\/09\/IMG-20260901-WA0032.jpg","width":718,"height":466},"datePublished":"2026-09-01T11:58:34+00:00","dateModified":"2026-09-01T11:58:36+00:00","inLanguage":"pt-AO","mainEntityOfPage":{"@id":"https:\/\/zango.co.ao\/index.php\/2026\/09\/01\/lionel-messi-anuncia-despedida-definitiva-da-seleccao-argentina\/#webpage"},"isPartOf":{"@id":"https:\/\/zango.co.ao\/index.php\/2026\/09\/01\/lionel-messi-anuncia-despedida-definitiva-da-seleccao-argentina\/#webpage"},"articleSection":"Desporto"},{"@type":"BreadcrumbList","@id":"https:\/\/zango.co.ao\/index.php\/2026\/09\/01\/lionel-messi-anuncia-despedida-definitiva-da-seleccao-argentina\/#breadcrumblist","itemListElement":[{"@type":"ListItem","@id":"https:\/\/zango.co.ao#listItem","position":1,"name":"Home","item":"https:\/\/zango.co.ao","nextItem":{"@type":"ListItem","@id":"https:\/\/zango.co.ao\/index.php\/category\/desporto\/#listItem","name":"Desporto"}},{"@type":"ListItem","@id":"https:\/\/zango.co.ao\/index.php\/category\/desporto\/#listItem","position":2,"name":"Desporto","item":"https:\/\/zango.co.ao\/index.php\/category\/desporto\/","nextItem":{"@type":"ListItem","@id":"https:\/\/zango.co.ao\/index.php\/2026\/09\/01\/lionel-messi-anuncia-despedida-definitiva-da-seleccao-argentina\/#listItem","name":"Lionel Messi anuncia despedida definitiva da selec\u00e7\u00e3o argentina"},"previousItem":{"@type":"ListItem","@id":"https:\/\/zango.co.ao#listItem","name":"Home"}},{"@type":"ListItem","@id":"https:\/\/zango.co.ao\/index.php\/2026\/09\/01\/lionel-messi-anuncia-despedida-definitiva-da-seleccao-argentina\/#listItem","position":3,"name":"Lionel Messi anuncia despedida definitiva da selec\u00e7\u00e3o argentina","previousItem":{"@type":"ListItem","@id":"https:\/\/zango.co.ao\/index.php\/category\/desporto\/#listItem","name":"Desporto"}}]},{"@type":"Organization","@id":"https:\/\/zango.co.ao\/#organization","name":"Zango","description":"Comunicamos Juntos","url":"https:\/\/zango.co.ao\/"},{"@type":"Person","@id":"https:\/\/zango.co.ao\/index.php\/author\/eunice-goncalves\/#author","url":"https:\/\/zango.co.ao\/index.php\/author\/eunice-goncalves\/","name":"Eunice Goncalves","image":{"@type":"ImageObject","@id":"https:\/\/zango.co.ao\/index.php\/2026\/09\/01\/lionel-messi-anuncia-despedida-definitiva-da-seleccao-argentina\/#authorImage","url":"https:\/\/secure.gravatar.com\/avatar\/7b5b89a523af44a869881b4816c297b92ed6d00b15a7b8ef54c3c38b4dabc3df?s=96&d=mm&r=g","width":96,"height":96,"caption":"Eunice Goncalves"}},{"@type":"WebPage","@id":"https:\/\/zango.co.ao\/index.php\/2026\/09\/01\/lionel-messi-anuncia-despedida-definitiva-da-seleccao-argentina\/#webpage","url":"https:\/\/zango.co.ao\/index.php\/2026\/09\/01\/lionel-messi-anuncia-despedida-definitiva-da-seleccao-argentina\/","name":"Lionel Messi anuncia despedida definitiva da selec\u00e7\u00e3o argentina - Zango","description":"O atacante Lionel Messi anunciou, nesta segunda-feira, dia 31, a sua aposentadoria definitiva da selec\u00e7\u00e3o da Argentina. Num comunicado divulgado nas suas redes sociais, o astro argentino afirmou que a decis\u00e3o lhe \u201cd\u00f3i na alma\u201d, mas considera ser o momento certo para encerrar o seu percurso ao servi\u00e7o da Albiceleste. \u201cFalta pouco tempo e as","inLanguage":"pt-AO","isPartOf":{"@id":"https:\/\/zango.co.ao\/#website"},"breadcrumb":{"@id":"https:\/\/zango.co.ao\/index.php\/2026\/09\/01\/lionel-messi-anuncia-despedida-definitiva-da-seleccao-argentina\/#breadcrumblist"},"author":{"@id":"https:\/\/zango.co.ao\/index.php\/author\/eunice-goncalves\/#author"},"creator":{"@id":"https:\/\/zango.co.ao\/index.php\/author\/eunice-goncalves\/#author"},"image":{"@type":"ImageObject","url":"https:\/\/zango.co.ao\/wp-content\/uploads\/2026\/09\/IMG-20260901-WA0032.jpg","@id":"https:\/\/zango.co.ao\/index.php\/2026\/09\/01\/lionel-messi-anuncia-despedida-definitiva-da-seleccao-argentina\/#mainImage","width":718,"height":466},"primaryImageOfPage":{"@id":"https:\/\/zango.co.ao\/index.php\/2026\/09\/01\/lionel-messi-anuncia-despedida-definitiva-da-seleccao-argentina\/#mainImage"},"datePublished":"2026-09-01T11:58:34+00:00","dateModified":"2026-09-01T11:58:36+00:00"},{"@type":"WebSite","@id":"https:\/\/zango.co.ao\/#website","url":"https:\/\/zango.co.ao\/","name":"Zango","description":"Comunicamos Juntos","inLanguage":"pt-AO","publisher":{"@id":"https:\/\/zango.co.ao\/#organization"}}]},"og:locale":"pt_PT","og:site_name":"Zango - Comunicamos Juntos","og:type":"article","og:title":"Lionel Messi anuncia despedida definitiva da selec\u00e7\u00e3o argentina - Zango","og:description":"O atacante Lionel Messi anunciou, nesta segunda-feira, dia 31, a sua aposentadoria definitiva da selec\u00e7\u00e3o da Argentina. Num comunicado divulgado nas suas redes sociais, o astro argentino afirmou que a decis\u00e3o lhe \u201cd\u00f3i na alma\u201d, mas considera ser o momento certo para encerrar o seu percurso ao servi\u00e7o da Albiceleste. \u201cFalta pouco tempo e as","og:url":"https:\/\/zango.co.ao\/index.php\/2026\/09\/01\/lionel-messi-anuncia-despedida-definitiva-da-seleccao-argentina\/","article:published_time":"2026-09-01T11:58:34+00:00","article:modified_time":"2026-09-01T11:58:36+00:00","twitter:card":"summary_large_image","twitter:title":"Lionel Messi anuncia despedida definitiva da selec\u00e7\u00e3o argentina - Zango","twitter:description":"O atacante Lionel Messi anunciou, nesta segunda-feira, dia 31, a sua aposentadoria definitiva da selec\u00e7\u00e3o da Argentina. Num comunicado divulgado nas suas redes sociais, o astro argentino afirmou que a decis\u00e3o lhe \u201cd\u00f3i na alma\u201d, mas considera ser o momento certo para encerrar o seu percurso ao servi\u00e7o da Albiceleste. \u201cFalta pouco tempo e as"},"aioseo_meta_data":{"post_id":"12184","title":null,"description":null,"keywords":null,"keyphrases":{"focus":{"keyphrase":"","score":0,"analysis":{"keyphraseInTitle":{"score":0,"maxScore":9,"error":1}}},"additional":[]},"primary_term":null,"canonical_url":null,"og_title":null,"og_description":null,"og_object_type":"default","og_image_type":"default","og_image_url":null,"og_image_width":null,"og_image_height":null,"og_image_custom_url":null,"og_image_custom_fields":null,"og_video":"","og_custom_url":null,"og_article_section":null,"og_article_tags":null,"twitter_use_og":false,"twitter_card":"default","twitter_image_type":"default","twitter_image_url":null,"twitter_image_custom_url":null,"twitter_image_custom_fields":null,"twitter_title":null,"twitter_description":null,"schema":{"blockGraphs":[],"customGraphs":[],"default":{"data":{"Article":[],"Course":[],"Dataset":[],"FAQPage":[],"Movie":[],"Person":[],"Product":[],"ProductReview":[],"Car":[],"Recipe":[],"Service":[],"SoftwareApplication":[],"WebPage":[]},"graphName":"BlogPosting","isEnabled":true},"graphs":[]},"schema_type":"default","schema_type_options":null,"pillar_content":false,"robots_default":true,"robots_noindex":false,"robots_noarchive":false,"robots_nosnippet":false,"robots_nofollow":false,"robots_noimageindex":false,"robots_noodp":false,"robots_notranslate":false,"robots_max_snippet":"-1","robots_max_videopreview":"-1","robots_max_imagepreview":"large","priority":null,"frequency":"default","local_seo":null,"breadcrumb_settings":null,"limit_modified_date":false,"ai":{"faqs":[],"keyPoints":[],"schemas":[],"titles":[],"descriptions":[],"socialPosts":{"email":{"subject":"","preview":"","content":""},"linkedin":[],"twitter":[],"facebook":[],"instagram":[]}},"created":"2026-09-01 11:58:36","updated":"2026-09-01 12:56:04","seo_analyzer_scan_date":null,"focus_keyword":null,"additional_keywords":null,"truseo_locale":null},"aioseo_breadcrumb":"<div class=\"aioseo-breadcrumbs\"><span class=\"aioseo-breadcrumb\">\n\t\t\t<a href=\"https:\/\/zango.co.ao\" title=\"Home\">Home<\/a>\n\t\t<\/span><span class=\"aioseo-breadcrumb-separator\">&raquo;<\/span><span class=\"aioseo-breadcrumb\">\n\t\t\t<a href=\"https:\/\/zango.co.ao\/index.php\/category\/desporto\/\" title=\"Desporto\">Desporto<\/a>\n\t\t<\/span><span class=\"aioseo-breadcrumb-separator\">&raquo;<\/span><span class=\"aioseo-breadcrumb\">\n\t\t\tLionel Messi anuncia despedida definitiva da selec\u00e7\u00e3o argentina\n\t\t<\/span><\/div>","aioseo_breadcrumb_json":[{"label":"Home","link":"https:\/\/zango.co.ao"},{"label":"Desporto","link":"https:\/\/zango.co.ao\/index.php\/category\/desporto\/"},{"label":"Lionel Messi anuncia despedida definitiva da selec\u00e7\u00e3o argentina","link":"https:\/\/zango.co.ao\/index.php\/2026\/09\/01\/lionel-messi-anuncia-despedida-definitiva-da-seleccao-argentina\/"}],"_links":{"self":[{"href":"https:\/\/zango.co.ao\/index.php\/wp-json\/wp\/v2\/posts\/12184","targetHints":{"allow":["GET"]}}],"collection":[{"href":"https:\/\/zango.co.ao\/index.php\/wp-json\/wp\/v2\/posts"}],"about":[{"href":"https:\/\/zango.co.ao\/index.php\/wp-json\/wp\/v2\/types\/post"}],"author":[{"embeddable":true,"href":"https:\/\/zango.co.ao\/index.php\/wp-json\/wp\/v2\/users\/17"}],"replies":[{"embeddable":true,"href":"https:\/\/zango.co.ao\/index.php\/wp-json\/wp\/v2\/comments?post=12184"}],"version-history":[{"count":1,"href":"https:\/\/zango.co.ao\/index.php\/wp-json\/wp\/v2\/posts\/12184\/revisions"}],"predecessor-version":[{"id":12186,"href":"https:\/\/zango.co.ao\/index.php\/wp-json\/wp\/v2\/posts\/12184\/revisions\/12186"}],"wp:featuredmedia":[{"embeddable":true,"href":"https:\/\/zango.co.ao\/index.php\/wp-json\/wp\/v2\/media\/12185"}],"wp:attachment":[{"href":"https:\/\/zango.co.ao\/index.php\/wp-json\/wp\/v2\/media?parent=12184"}],"wp:term":[{"taxonomy":"category","embeddable":true,"href":"https:\/\/zango.co.ao\/index.php\/wp-json\/wp\/v2\/categories?post=12184"},{"taxonomy":"post_tag","embeddable":true,"href":"https:\/\/zango.co.ao\/index.php\/wp-json\/wp\/v2\/tags?post=12184"}],"curies":[{"name":"wp","href":"https:\/\/api.w.org\/{rel}","templated":true}]}}