{"id":1436,"date":"2024-07-09T00:50:20","date_gmt":"2024-07-09T00:50:20","guid":{"rendered":"https:\/\/zango.co.ao\/?p=1436"},"modified":"2024-07-23T11:41:50","modified_gmt":"2024-07-23T11:41:50","slug":"reconstrucao-do-cine-alfa-vai-custar-mais-de-dois-mil-milhoes-de-kwanzas","status":"publish","type":"post","link":"https:\/\/zango.co.ao\/index.php\/2024\/07\/09\/reconstrucao-do-cine-alfa-vai-custar-mais-de-dois-mil-milhoes-de-kwanzas\/","title":{"rendered":"Lan\u00e7ada primeira pedra para Reconstru\u00e7\u00e3o do Cine Alfa"},"content":{"rendered":"\n<p>A primeira pedra para reconstru\u00e7\u00e3o deste hist\u00f3rico espa\u00e7o cultural foi lan\u00e7ada esta segunda-feira (08.07), pelo ministro da Cultura, Filipe Zau, e a obra prev\u00ea estar  conclu\u00edda num prazo de 12 meses.<\/p>\n\n\n\n<p>A reconstru\u00e7\u00e3o do Cine Alfa esta or\u00e7amentada em mais de dois mil milh\u00f5es de kwanzas, e a empreitada ser\u00e1 coordenada pelo  Minist\u00e9rio das Obras P\u00fablicas.  <\/p>\n\n\n\n<p>De acordo com o ministro da Cultura, citado pelo Jornal de Angola, a constru\u00e7\u00e3o do Cine Alfa 1 e 2 para o Museu do Cinema e das Imagens em Movimento representa um maior apre\u00e7o por esta forma de arte, mas tamb\u00e9m, a preocupa\u00e7\u00e3o do Executivo na preserva\u00e7\u00e3o do seu legado para as futuras gera\u00e7\u00f5es.<\/p>\n","protected":false},"excerpt":{"rendered":"<p>A primeira pedra para reconstru\u00e7\u00e3o projecto foi lan\u00e7ada esta segunda-feira (08.07), pelo ministro da Cultura, Filipe Zau, e ser\u00e1 conclu\u00eddo num prazo de 12 meses.<\/p>\n","protected":false},"author":2,"featured_media":1439,"comment_status":"open","ping_status":"open","sticky":false,"template":"","format":"standard","meta":{"_acf_changed":false,"om_disable_all_campaigns":false,"_monsterinsights_skip_tracking":false,"_monsterinsights_sitenote_active":false,"_monsterinsights_sitenote_note":"","_monsterinsights_sitenote_category":0,"_uf_show_specific_survey":0,"_uf_disable_surveys":false,"footnotes":""},"categories":[9],"tags":[500,498,499,497,501],"class_list":["post-1436","post","type-post","status-publish","format-standard","has-post-thumbnail","hentry","category-culture","tag-cine-alfa","tag-filipe","tag-filipe-zau","tag-ministerio-da-cultura","tag-museu"],"acf":[],"aioseo_notices":[],"_links":{"self":[{"href":"https:\/\/zango.co.ao\/index.php\/wp-json\/wp\/v2\/posts\/1436","targetHints":{"allow":["GET"]}}],"collection":[{"href":"https:\/\/zango.co.ao\/index.php\/wp-json\/wp\/v2\/posts"}],"about":[{"href":"https:\/\/zango.co.ao\/index.php\/wp-json\/wp\/v2\/types\/post"}],"author":[{"embeddable":true,"href":"https:\/\/zango.co.ao\/index.php\/wp-json\/wp\/v2\/users\/2"}],"replies":[{"embeddable":true,"href":"https:\/\/zango.co.ao\/index.php\/wp-json\/wp\/v2\/comments?post=1436"}],"version-history":[{"count":5,"href":"https:\/\/zango.co.ao\/index.php\/wp-json\/wp\/v2\/posts\/1436\/revisions"}],"predecessor-version":[{"id":1745,"href":"https:\/\/zango.co.ao\/index.php\/wp-json\/wp\/v2\/posts\/1436\/revisions\/1745"}],"wp:featuredmedia":[{"embeddable":true,"href":"https:\/\/zango.co.ao\/index.php\/wp-json\/wp\/v2\/media\/1439"}],"wp:attachment":[{"href":"https:\/\/zango.co.ao\/index.php\/wp-json\/wp\/v2\/media?parent=1436"}],"wp:term":[{"taxonomy":"category","embeddable":true,"href":"https:\/\/zango.co.ao\/index.php\/wp-json\/wp\/v2\/categories?post=1436"},{"taxonomy":"post_tag","embeddable":true,"href":"https:\/\/zango.co.ao\/index.php\/wp-json\/wp\/v2\/tags?post=1436"}],"curies":[{"name":"wp","href":"https:\/\/api.w.org\/{rel}","templated":true}]}}