{"id":1664,"date":"2024-07-18T12:46:03","date_gmt":"2024-07-18T12:46:03","guid":{"rendered":"https:\/\/zango.co.ao\/?p=1664"},"modified":"2024-07-18T12:46:04","modified_gmt":"2024-07-18T12:46:04","slug":"paulo-flores-comemora-36-anos-de-carreira-com-concertos-em-cinco-provincias-do-pais","status":"publish","type":"post","link":"https:\/\/zango.co.ao\/index.php\/2024\/07\/18\/paulo-flores-comemora-36-anos-de-carreira-com-concertos-em-cinco-provincias-do-pais\/","title":{"rendered":"Paulo Flores comemora 36 anos de carreira com concertos em cinco prov\u00edncias do Pa\u00eds"},"content":{"rendered":"\n<p><\/p>\n\n\n\n<p>O m\u00fasico Paulo Flores realiza a sua primeira tourn\u00e9e no pa\u00eds durante os meses de Agosto, Setembro e Outubro, para comemorar os 36 anos de carreira.<\/p>\n\n\n\n<p>No roteiro provis\u00f3rio, que a portal Zango deve acesso, o primeiro concerto acontece no dia 31 de Agosto, no Est\u00e1dio da Nossa Senhora do Monte, na Hu\u00edla, e de seguida a 7 de Setembro, no Parque do Pavilh\u00e3o Welwitshia Mirabis, no Namibe.<\/p>\n\n\n\n<p>No Huambo, o local escolhido \u00e9 o Est\u00e1dio dos Kurikutelas, no Bi\u00e9, no Pavilh\u00e3o do Sporting, e em Benguela, na Restinga do Lobito, nos dias 14, 21 e 28 de Setembro, respectivamente.<\/p>\n\n\n\n<p>Em Luanda o artista vai encerrar a tour com dois concertos nos dias 5 e 12 de Outubro, na Marginal de Luanda, e na Tenda da Ilha.<br><\/p>\n\n\n\n<p>O m\u00fasico escreveu nas suas redes socias que nestes 36 anos de carreira, os angolanos  sempre foram a sua fonte de inspira\u00e7\u00e3o. n\u00f3s.<\/p>\n\n\n\n<p>&#8220;Est\u00e1 Tourn\u00e9 \u00e9 a primeira e talvez a \u00faltima oportunidade de celebrar com os angolanos todo esse percurso, toda essa diversidade r\u00edtmica e cultural e esse amor a Angola e aos angolanos. Est\u00e1 Tourn\u00e9 \u00e9 a minha oportunidade de retribuir aos angolanos todo esse carinho que sempre senti&#8221;.<\/p>\n\n\n\n<p><\/p>\n","protected":false},"excerpt":{"rendered":"<p>O primeiro concerto acontece no dia 31 de Agosto, no Est\u00e1dio da Nossa Senhora do Monte, na prov\u00edncia da Hu\u00edla.<\/p>\n","protected":false},"author":8,"featured_media":1672,"comment_status":"open","ping_status":"open","sticky":false,"template":"","format":"standard","meta":{"_acf_changed":false,"om_disable_all_campaigns":false,"_monsterinsights_skip_tracking":false,"_monsterinsights_sitenote_active":false,"_monsterinsights_sitenote_note":"","_monsterinsights_sitenote_category":0,"_uf_show_specific_survey":0,"_uf_disable_surveys":false,"footnotes":""},"categories":[9],"tags":[628,212,235,629,627],"class_list":["post-1664","post","type-post","status-publish","format-standard","has-post-thumbnail","hentry","category-culture","tag-concertos","tag-huila","tag-luanda","tag-parque-do-pavilhao-welwitshia-mirabis","tag-paulo-flores"],"acf":[],"aioseo_notices":[],"_links":{"self":[{"href":"https:\/\/zango.co.ao\/index.php\/wp-json\/wp\/v2\/posts\/1664","targetHints":{"allow":["GET"]}}],"collection":[{"href":"https:\/\/zango.co.ao\/index.php\/wp-json\/wp\/v2\/posts"}],"about":[{"href":"https:\/\/zango.co.ao\/index.php\/wp-json\/wp\/v2\/types\/post"}],"author":[{"embeddable":true,"href":"https:\/\/zango.co.ao\/index.php\/wp-json\/wp\/v2\/users\/8"}],"replies":[{"embeddable":true,"href":"https:\/\/zango.co.ao\/index.php\/wp-json\/wp\/v2\/comments?post=1664"}],"version-history":[{"count":6,"href":"https:\/\/zango.co.ao\/index.php\/wp-json\/wp\/v2\/posts\/1664\/revisions"}],"predecessor-version":[{"id":1676,"href":"https:\/\/zango.co.ao\/index.php\/wp-json\/wp\/v2\/posts\/1664\/revisions\/1676"}],"wp:featuredmedia":[{"embeddable":true,"href":"https:\/\/zango.co.ao\/index.php\/wp-json\/wp\/v2\/media\/1672"}],"wp:attachment":[{"href":"https:\/\/zango.co.ao\/index.php\/wp-json\/wp\/v2\/media?parent=1664"}],"wp:term":[{"taxonomy":"category","embeddable":true,"href":"https:\/\/zango.co.ao\/index.php\/wp-json\/wp\/v2\/categories?post=1664"},{"taxonomy":"post_tag","embeddable":true,"href":"https:\/\/zango.co.ao\/index.php\/wp-json\/wp\/v2\/tags?post=1664"}],"curies":[{"name":"wp","href":"https:\/\/api.w.org\/{rel}","templated":true}]}}