{"id":2338,"date":"2024-10-24T07:00:00","date_gmt":"2024-10-24T07:00:00","guid":{"rendered":"https:\/\/zango.co.ao\/?p=2338"},"modified":"2024-10-24T21:10:12","modified_gmt":"2024-10-24T21:10:12","slug":"nacoes-unidas-79-anos-a-fazer-a-diferenca","status":"publish","type":"post","link":"https:\/\/zango.co.ao\/index.php\/2024\/10\/24\/nacoes-unidas-79-anos-a-fazer-a-diferenca\/","title":{"rendered":"Na\u00e7\u00f5es Unidas: 79 Anos a Fazer a Diferen\u00e7a"},"content":{"rendered":"\n<p>Por: Reda\u00e7\u00e3o Portal Zango<\/p>\n\n\n\n<p>Dia 24 de Outubro, celebra-se o Dia das Na\u00e7\u00f5es Unidas (ONU), em honra \u00e0 data da sua funda\u00e7\u00e3o, em 1945, que ocorreu com o fim da antiga Liga das Na\u00e7\u00f5es devido \u00e0 II Guerra Mundial. Ap\u00f3s a guerra, a Carta das Na\u00e7\u00f5es Unidas foi assinada em 26 de junho de 1945, dando origem \u00e0 ONU, que come\u00e7ou a funcionar a 24 de outubro desse mesmo ano. Este documento foi assinado pela maioria dos 51 Estados Membros fundadores, incluindo a Fran\u00e7a, a China, o Reino Unido, os Estados Unidos e a Uni\u00e3o Sovi\u00e9tica.<\/p>\n\n\n\n<p>O Dia das Na\u00e7\u00f5es Unidas integra a semana da ONU, que se realiza entre 20 e 26 de outubro. A celebra\u00e7\u00e3o foi institu\u00edda em 1947 pela Assembleia Geral, com o prop\u00f3sito de informar os povos do mundo sobre os objetivos e conquistas da ONU, al\u00e9m de angariar apoio para as suas atividades. Em 1971, a Assembleia Geral adotou a Resolu\u00e7\u00e3o 2782, que declarou o Dia das Na\u00e7\u00f5es Unidas como feriado internacional, recomendando que todos os estados-membros o observassem como um feriado p\u00fablico.<\/p>\n\n\n\n<p>Conhecida tamb\u00e9m como a Carta de S\u00e3o Francisco, este documento criou a ONU, substituindo a Liga das Na\u00e7\u00f5es como a principal entidade para discuss\u00f5es sobre direito internacional e um f\u00f3rum para rela\u00e7\u00f5es e compreens\u00f5es entre pa\u00edses. A carta foi assinada em S\u00e3o Francisco em 26 de junho de 1945, mas come\u00e7ou a ser comemorada anualmente a partir de 1948. O pre\u00e2mbulo da carta reafirma &#8220;os direitos fundamentais do homem, a dignidade e o valor do ser humano, a igualdade de direitos entre homens e mulheres, assim como entre na\u00e7\u00f5es grandes e pequenas&#8221;. Este documento estabelece um acordo que todos os membros devem respeitar e afirma que as obriga\u00e7\u00f5es assumidas perante as Na\u00e7\u00f5es Unidas s\u00e3o superiores a quaisquer outras existentes em tratados variados.<\/p>\n\n\n\n<p>O pre\u00e2mbulo da Carta de S\u00e3o Francisco declara que \u201cN\u00d3S, OS POVOS DAS NA\u00c7\u00d5ES UNIDAS, DETERMINADOS a proteger as gera\u00e7\u00f5es futuras do flagelo da guerra, que por duas vezes, ao longo da nossa vida, causou sofrimentos incalcul\u00e1veis \u00e0 humanidade, e a reafirmar a nossa f\u00e9 nos direitos fundamentais do homem, na dignidade e no valor do ser humano, na igualdade de direitos entre homens e mulheres, assim como entre na\u00e7\u00f5es grandes e pequenas, e a criar condi\u00e7\u00f5es para que a justi\u00e7a e o respeito pelas obriga\u00e7\u00f5es provenientes de tratados e outras fontes do direito internacional sejam mantidos, promovendo o progresso social e melhores condi\u00e7\u00f5es de vida dentro de uma liberdade ampla\u201d.<\/p>\n\n\n\n<p>\u201cE PARA ESTES OBJETIVOS, praticar a toler\u00e2ncia e viver em paz uns com os outros, como bons vizinhos, e unir for\u00e7as para manter a paz e seguran\u00e7a internacionais, garantindo que, atrav\u00e9s da aceita\u00e7\u00e3o de princ\u00edpios e da cria\u00e7\u00e3o de m\u00e9todos, a for\u00e7a armada n\u00e3o ser\u00e1 utilizada exceto no interesse comum, utilizando um mecanismo internacional para promover o progresso econ\u00f3mico e social de todos os povos,\u201d menciona a carta.<\/p>\n\n\n\n<p><strong>Fonte: <\/strong>Executive<\/p>\n\n\n\n<p>Imagem: Internet<\/p>\n","protected":false},"excerpt":{"rendered":"<p>Por: Reda\u00e7\u00e3o Portal Zango Dia 24 de Outubro, celebra-se o Dia das Na\u00e7\u00f5es Unidas (ONU), em honra \u00e0 data da sua funda\u00e7\u00e3o, em 1945, que ocorreu com o fim da [&hellip;]<\/p>\n","protected":false},"author":8,"featured_media":2339,"comment_status":"open","ping_status":"open","sticky":false,"template":"","format":"standard","meta":{"_acf_changed":false,"om_disable_all_campaigns":false,"_monsterinsights_skip_tracking":false,"_monsterinsights_sitenote_active":false,"_monsterinsights_sitenote_note":"","_monsterinsights_sitenote_category":0,"_uf_show_specific_survey":0,"_uf_disable_surveys":false,"footnotes":""},"categories":[1],"tags":[],"class_list":["post-2338","post","type-post","status-publish","format-standard","has-post-thumbnail","hentry","category-especial"],"acf":[],"aioseo_notices":[],"_links":{"self":[{"href":"https:\/\/zango.co.ao\/index.php\/wp-json\/wp\/v2\/posts\/2338","targetHints":{"allow":["GET"]}}],"collection":[{"href":"https:\/\/zango.co.ao\/index.php\/wp-json\/wp\/v2\/posts"}],"about":[{"href":"https:\/\/zango.co.ao\/index.php\/wp-json\/wp\/v2\/types\/post"}],"author":[{"embeddable":true,"href":"https:\/\/zango.co.ao\/index.php\/wp-json\/wp\/v2\/users\/8"}],"replies":[{"embeddable":true,"href":"https:\/\/zango.co.ao\/index.php\/wp-json\/wp\/v2\/comments?post=2338"}],"version-history":[{"count":2,"href":"https:\/\/zango.co.ao\/index.php\/wp-json\/wp\/v2\/posts\/2338\/revisions"}],"predecessor-version":[{"id":2342,"href":"https:\/\/zango.co.ao\/index.php\/wp-json\/wp\/v2\/posts\/2338\/revisions\/2342"}],"wp:featuredmedia":[{"embeddable":true,"href":"https:\/\/zango.co.ao\/index.php\/wp-json\/wp\/v2\/media\/2339"}],"wp:attachment":[{"href":"https:\/\/zango.co.ao\/index.php\/wp-json\/wp\/v2\/media?parent=2338"}],"wp:term":[{"taxonomy":"category","embeddable":true,"href":"https:\/\/zango.co.ao\/index.php\/wp-json\/wp\/v2\/categories?post=2338"},{"taxonomy":"post_tag","embeddable":true,"href":"https:\/\/zango.co.ao\/index.php\/wp-json\/wp\/v2\/tags?post=2338"}],"curies":[{"name":"wp","href":"https:\/\/api.w.org\/{rel}","templated":true}]}}