{"id":2562,"date":"2024-11-20T20:28:07","date_gmt":"2024-11-20T20:28:07","guid":{"rendered":"https:\/\/zango.co.ao\/?p=2562"},"modified":"2024-11-21T08:16:47","modified_gmt":"2024-11-21T08:16:47","slug":"dia-da-consciencia-negra-reflexoes-sobre-a-identidade-angolana-e-o-assimilismo","status":"publish","type":"post","link":"https:\/\/zango.co.ao\/index.php\/2024\/11\/20\/dia-da-consciencia-negra-reflexoes-sobre-a-identidade-angolana-e-o-assimilismo\/","title":{"rendered":"Dia da Consci\u00eancia Negra: Reflex\u00f5es Sobre a Identidade Angolana e o Assimilismo"},"content":{"rendered":"\n<p>Por: Reda\u00e7\u00e3o Portal Zango<\/p>\n\n\n\n<p>No Dia da Consci\u00eancia Negra, \u00e9 inevit\u00e1vel refletir sobre a heran\u00e7a cultural e hist\u00f3rica que molda as sociedades africanas e, em particular, a angolana. Este \u00e9 um momento n\u00e3o apenas para celebrar a resist\u00eancia e as conquistas, mas tamb\u00e9m para questionar o impacto cont\u00ednuo do assimilismo sobre os valores, as l\u00ednguas regionais e a identidade nacional.<\/p>\n\n\n\n<p>A Hist\u00f3ria do Assimilismo em Angola<\/p>\n\n\n\n<p>O sistema colonial portugu\u00eas promoveu, durante d\u00e9cadas, o conceito de assimila\u00e7\u00e3o, que privilegiava a ado\u00e7\u00e3o da cultura e dos valores europeus em detrimento das tradi\u00e7\u00f5es africanas. Ser \u201cassimilado\u201d era, supostamente, um avan\u00e7o social, mas, na pr\u00e1tica, implicava a nega\u00e7\u00e3o de ra\u00edzes, l\u00ednguas e pr\u00e1ticas culturais pr\u00f3prias. O assimilismo criou uma barreira entre os pr\u00f3prios angolanos, estabelecendo uma hierarquia cultural que ainda hoje deixa marcas profundas.<\/p>\n\n\n\n<p>A Morte das L\u00ednguas Regionais<\/p>\n\n\n\n<p>Um dos legados mais devastadores do assimilismo \u00e9 o gradual desaparecimento das l\u00ednguas regionais em Angola. L\u00ednguas como o Kimbundu, Umbundu, Kikongo e Cokwe, que outrora eram pilares da comunica\u00e7\u00e3o e da transmiss\u00e3o de valores ancestrais, hoje enfrentam um decl\u00ednio alarmante. A press\u00e3o para priorizar o portugu\u00eas como l\u00edngua \u00fanica de ensino e comunica\u00e7\u00e3o reduziu o espa\u00e7o para essas l\u00ednguas, transformando-as, muitas vezes, em s\u00edmbolos de atraso em vez de orgulho cultural.<\/p>\n\n\n\n<p>A morte de uma l\u00edngua significa a perda de uma cosmovis\u00e3o \u00fanica, de hist\u00f3rias, saberes e pr\u00e1ticas que n\u00e3o podem ser traduzidos ou replicados em outras l\u00ednguas. Esta perda, silenciosa mas devastadora, desconecta gera\u00e7\u00f5es da riqueza de suas pr\u00f3prias origens.<\/p>\n\n\n\n<p>A Persist\u00eancia da Assimila\u00e7\u00e3o na Modernidade<\/p>\n\n\n\n<p>Embora Angola tenha conquistado sua independ\u00eancia em 1975, o processo de assimila\u00e7\u00e3o continua, agora sob novas formas. A globaliza\u00e7\u00e3o, o consumismo e a busca por valida\u00e7\u00e3o externa substitu\u00edram os antigos sistemas coloniais, mas perpetuam o mesmo desprezo pelas ra\u00edzes locais. Jovens angolanos frequentemente valorizam mais o que vem de fora, seja m\u00fasica, moda ou idioma, enquanto ignoram ou at\u00e9 rejeitam as manifesta\u00e7\u00f5es culturais locais.<\/p>\n\n\n\n<p>Al\u00e9m disso, a urbaniza\u00e7\u00e3o acelerada e a centraliza\u00e7\u00e3o em cidades como Luanda refor\u00e7am a homogeneiza\u00e7\u00e3o cultural, onde as tradi\u00e7\u00f5es rurais e comunit\u00e1rias s\u00e3o vistas como ultrapassadas. Esse cen\u00e1rio evidencia um desafio: como preservar uma identidade coletiva enquanto se participa de um mundo globalizado?<\/p>\n\n\n\n<p>A Urg\u00eancia de Resgatar Valores e Identidade<\/p>\n\n\n\n<p>No Dia da Consci\u00eancia Negra, precisamos reconhecer que a luta pela igualdade e pelo respeito come\u00e7a em casa, com a valoriza\u00e7\u00e3o do que \u00e9 nosso. A cultura angolana, em sua diversidade, \u00e9 um patrim\u00f4nio que deve ser celebrado e protegido. Isso inclui:<br>1. Revalorizar as l\u00ednguas regionais: Implementar pol\u00edticas p\u00fablicas para o ensino de l\u00ednguas nativas nas escolas e promover sua utiliza\u00e7\u00e3o em meios de comunica\u00e7\u00e3o e eventos culturais.<br>2. Promover a cultura local: Investir em programas que fortale\u00e7am as tradi\u00e7\u00f5es musicais, gastron\u00f4micas e art\u00edsticas de todas as regi\u00f5es.<br>3. Educar sobre a hist\u00f3ria real de Angola: Incluir nos curr\u00edculos escolares uma vis\u00e3o abrangente sobre a riqueza cultural pr\u00e9-colonial e os impactos do colonialismo.<\/p>\n\n\n\n<p>O Desafio de Reencontrar-se<\/p>\n\n\n\n<p>A consci\u00eancia negra n\u00e3o \u00e9 apenas sobre o reconhecimento da luta contra o racismo, mas tamb\u00e9m sobre a necessidade de reconstruir identidades fragmentadas. Em Angola, este desafio \u00e9 urgente. Resistir ao assimilismo moderno significa valorizar o que nos faz \u00fanicos, preservar nossas ra\u00edzes e promover uma vis\u00e3o de futuro que inclua, respeite e celebre nossa diversidade.<\/p>\n\n\n\n<p>Neste dia, que a reflex\u00e3o sobre nossa identidade nos inspire a resgatar o que ainda pode ser salvo e a lutar pelo futuro de uma Angola que honra seu passado sem esquecer quem realmente \u00e9. A luta pela consci\u00eancia negra \u00e9 tamb\u00e9m a luta pela consci\u00eancia cultural e nacional.<\/p>\n\n\n\n<p><\/p>\n","protected":false},"excerpt":{"rendered":"<p>Por: Reda\u00e7\u00e3o Portal Zango No Dia da Consci\u00eancia Negra, \u00e9 inevit\u00e1vel refletir sobre a heran\u00e7a cultural e hist\u00f3rica que molda as sociedades africanas e, em particular, a angolana. Este \u00e9 [&hellip;]<\/p>\n","protected":false},"author":8,"featured_media":2563,"comment_status":"open","ping_status":"open","sticky":false,"template":"","format":"standard","meta":{"_acf_changed":false,"om_disable_all_campaigns":false,"_monsterinsights_skip_tracking":false,"_monsterinsights_sitenote_active":false,"_monsterinsights_sitenote_note":"","_monsterinsights_sitenote_category":0,"_uf_show_specific_survey":0,"_uf_disable_surveys":false,"footnotes":""},"categories":[1,636],"tags":[],"class_list":["post-2562","post","type-post","status-publish","format-standard","has-post-thumbnail","hentry","category-especial","category-opiniao"],"acf":[],"aioseo_notices":[],"_links":{"self":[{"href":"https:\/\/zango.co.ao\/index.php\/wp-json\/wp\/v2\/posts\/2562","targetHints":{"allow":["GET"]}}],"collection":[{"href":"https:\/\/zango.co.ao\/index.php\/wp-json\/wp\/v2\/posts"}],"about":[{"href":"https:\/\/zango.co.ao\/index.php\/wp-json\/wp\/v2\/types\/post"}],"author":[{"embeddable":true,"href":"https:\/\/zango.co.ao\/index.php\/wp-json\/wp\/v2\/users\/8"}],"replies":[{"embeddable":true,"href":"https:\/\/zango.co.ao\/index.php\/wp-json\/wp\/v2\/comments?post=2562"}],"version-history":[{"count":4,"href":"https:\/\/zango.co.ao\/index.php\/wp-json\/wp\/v2\/posts\/2562\/revisions"}],"predecessor-version":[{"id":2571,"href":"https:\/\/zango.co.ao\/index.php\/wp-json\/wp\/v2\/posts\/2562\/revisions\/2571"}],"wp:featuredmedia":[{"embeddable":true,"href":"https:\/\/zango.co.ao\/index.php\/wp-json\/wp\/v2\/media\/2563"}],"wp:attachment":[{"href":"https:\/\/zango.co.ao\/index.php\/wp-json\/wp\/v2\/media?parent=2562"}],"wp:term":[{"taxonomy":"category","embeddable":true,"href":"https:\/\/zango.co.ao\/index.php\/wp-json\/wp\/v2\/categories?post=2562"},{"taxonomy":"post_tag","embeddable":true,"href":"https:\/\/zango.co.ao\/index.php\/wp-json\/wp\/v2\/tags?post=2562"}],"curies":[{"name":"wp","href":"https:\/\/api.w.org\/{rel}","templated":true}]}}