{"id":3076,"date":"2025-02-14T11:04:40","date_gmt":"2025-02-14T11:04:40","guid":{"rendered":"https:\/\/zango.co.ao\/?p=3076"},"modified":"2025-02-14T11:04:42","modified_gmt":"2025-02-14T11:04:42","slug":"parque-nacional-da-quicama-torna-se-na-primeira-reserva-biosfera-em-angola","status":"publish","type":"post","link":"https:\/\/zango.co.ao\/index.php\/2025\/02\/14\/parque-nacional-da-quicama-torna-se-na-primeira-reserva-biosfera-em-angola\/","title":{"rendered":"Parque nacional da Qui\u00e7ama torna-se na primeira reserva biosfera em Angola"},"content":{"rendered":"\n<p>Angola est\u00e1 avan\u00e7ando na preserva\u00e7\u00e3o ambiental com um grande passo. Em parceria com a UNESCO, o pa\u00eds planeja criar sua primeira reserva da biosfera no Parque Nacional da Qui\u00e7ama ainda este ano. <\/p>\n\n\n\n<p>O an\u00fancio foi feito pela ministra do Ambiente, Ana Paula de Carvalho, durante a Confer\u00eancia Internacional da Biodiversidade e \u00c1reas de Conserva\u00e7\u00e3o (CIBAC), que contou com a presen\u00e7a do Presidente Jo\u00e3o Louren\u00e7o.<\/p>\n\n\n\n<p>Al\u00e9m desse projeto, Angola tamb\u00e9m est\u00e1 investindo na educa\u00e7\u00e3o ambiental com a iniciativa &#8220;A Maleta de A\u00e7\u00e3o Clim\u00e1tica&#8221;. Esse programa visa capacitar professores do ensino prim\u00e1rio com kits educacionais que incluem manuais te\u00f3ricos e pr\u00e1ticos sobre mudan\u00e7as clim\u00e1ticas, ajudando a disseminar conhecimento nas disciplinas escolares.<\/p>\n\n\n\n<p>A cria\u00e7\u00e3o da reserva da biosfera faz parte dos esfor\u00e7os do pa\u00eds para combater desafios ambientais como desmatamento, desertifica\u00e7\u00e3o e polui\u00e7\u00e3o, promovendo solu\u00e7\u00f5es sustent\u00e1veis. <\/p>\n\n\n\n<p>Paralelamente, a forma\u00e7\u00e3o de fiscais da Reserva Integral do Luando foi conclu\u00edda, refor\u00e7ando a prote\u00e7\u00e3o da Palanca Negra, uma das esp\u00e9cies mais ic\u00f4nicas de Angola.<\/p>\n\n\n\n<p>Angola se destaca em \u00c1frica por sua biodiversidade excepcional, sendo o pa\u00eds com maior n\u00famero de biomas do continente e o segundo com mais eco regi\u00f5es, atr\u00e1s apenas da \u00c1frica do Sul. <\/p>\n\n\n\n<p>A sua posi\u00e7\u00e3o geogr\u00e1fica e diversidade de ecossistemas fazem do pa\u00eds um territ\u00f3rio privilegiado para a conserva\u00e7\u00e3o da natureza.A CIBAC, evento que serviu de palco para essas discuss\u00f5es, reuniu especialistas e l\u00edderes de diversos pa\u00edses para debater solu\u00e7\u00f5es inovadoras para a prote\u00e7\u00e3o ambiental. <\/p>\n\n\n\n<p>Al\u00e9m de ser um marco na agenda ecol\u00f3gica de Angola, a confer\u00eancia refor\u00e7a o compromisso do governo em alinhar suas pol\u00edticas ambientais \u00e0s melhores pr\u00e1ticas internacionais.<\/p>\n","protected":false},"excerpt":{"rendered":"<p>Angola est\u00e1 avan\u00e7ando na preserva\u00e7\u00e3o ambiental com um grande passo. Em parceria com a UNESCO, o pa\u00eds planeja criar sua primeira reserva da biosfera no Parque Nacional da Qui\u00e7ama ainda [&hellip;]<\/p>\n","protected":false},"author":17,"featured_media":3077,"comment_status":"open","ping_status":"open","sticky":false,"template":"","format":"standard","meta":{"_acf_changed":false,"om_disable_all_campaigns":false,"_monsterinsights_skip_tracking":false,"_monsterinsights_sitenote_active":false,"_monsterinsights_sitenote_note":"","_monsterinsights_sitenote_category":0,"_uf_show_specific_survey":0,"_uf_disable_surveys":false,"footnotes":""},"categories":[633],"tags":[],"class_list":["post-3076","post","type-post","status-publish","format-standard","has-post-thumbnail","hentry","category-desenvolvimento_sustentavel"],"acf":[],"aioseo_notices":[],"_links":{"self":[{"href":"https:\/\/zango.co.ao\/index.php\/wp-json\/wp\/v2\/posts\/3076","targetHints":{"allow":["GET"]}}],"collection":[{"href":"https:\/\/zango.co.ao\/index.php\/wp-json\/wp\/v2\/posts"}],"about":[{"href":"https:\/\/zango.co.ao\/index.php\/wp-json\/wp\/v2\/types\/post"}],"author":[{"embeddable":true,"href":"https:\/\/zango.co.ao\/index.php\/wp-json\/wp\/v2\/users\/17"}],"replies":[{"embeddable":true,"href":"https:\/\/zango.co.ao\/index.php\/wp-json\/wp\/v2\/comments?post=3076"}],"version-history":[{"count":1,"href":"https:\/\/zango.co.ao\/index.php\/wp-json\/wp\/v2\/posts\/3076\/revisions"}],"predecessor-version":[{"id":3078,"href":"https:\/\/zango.co.ao\/index.php\/wp-json\/wp\/v2\/posts\/3076\/revisions\/3078"}],"wp:featuredmedia":[{"embeddable":true,"href":"https:\/\/zango.co.ao\/index.php\/wp-json\/wp\/v2\/media\/3077"}],"wp:attachment":[{"href":"https:\/\/zango.co.ao\/index.php\/wp-json\/wp\/v2\/media?parent=3076"}],"wp:term":[{"taxonomy":"category","embeddable":true,"href":"https:\/\/zango.co.ao\/index.php\/wp-json\/wp\/v2\/categories?post=3076"},{"taxonomy":"post_tag","embeddable":true,"href":"https:\/\/zango.co.ao\/index.php\/wp-json\/wp\/v2\/tags?post=3076"}],"curies":[{"name":"wp","href":"https:\/\/api.w.org\/{rel}","templated":true}]}}