{"id":3395,"date":"2025-02-28T08:58:42","date_gmt":"2025-02-28T08:58:42","guid":{"rendered":"https:\/\/zango.co.ao\/?p=3395"},"modified":"2025-02-28T08:58:43","modified_gmt":"2025-02-28T08:58:43","slug":"carnaval-edicao-2025-arranca-amanha-com-exibicao-de-39-grupos-durante-tres-dias","status":"publish","type":"post","link":"https:\/\/zango.co.ao\/index.php\/2025\/02\/28\/carnaval-edicao-2025-arranca-amanha-com-exibicao-de-39-grupos-durante-tres-dias\/","title":{"rendered":"Carnaval: Edi\u00e7\u00e3o 2025 Arranca Amanh\u00e3 com Exibi\u00e7\u00e3o de 39 Grupos Durante tr\u00eas dias"},"content":{"rendered":"\n<p>Arranca amanh\u00e3 a maior manifesta\u00e7\u00e3o cultural do Pa\u00eds, o Carnaval Edi\u00e7\u00e3o 2025, que decorre at\u00e9 o dia 3 de Mar\u00e7o, com a participa\u00e7\u00e3o de 39 grupos, sendo 15 para classe infantil, 13 para classe A, e 11 para classe B.<\/p>\n\n\n\n<p>Sob o lema \u201cCarnaval Angola 50 Anos\u201d, a 47\u00aa edi\u00e7\u00e3o homenagear\u00e1 o nacionalista Ant\u00f3nio Agostinho Neto, o primeiro Presidente de Angola, que em 1978, no seu discurso de 27 de Mar\u00e7o, baptizou a festa do povo como o \u201cCarnaval da vit\u00f3ria\u201d, simbolizando as conquistas do povo angolano.<\/p>\n\n\n\n<p>&#8220;Vamos fazer o nosso Carnaval. N\u00e3o o Carnaval dos tugas, que eram s\u00f3 bailes. Vamos dan\u00e7ar o nosso Carnaval nas ruas, como faz\u00edamos antigamente\u201d, declarou na \u00e9poca o Her\u00f3i da Na\u00e7\u00e3o Angolana.<\/p>\n\n\n\n<p>Para este ano, o Carnaval de Luanda, ter\u00e1 entrada gratuita ao p\u00fablico, e o desfile competitivo da classe infantil no s\u00e1bado, 1 de Mar\u00e7o, da classe B no dia 2, domingo e da classe A no dia 3, a decorrer todos na nova Marginal. <\/p>\n\n\n\n<p>Al\u00e9m dos desfiles competitivos, no dia 4 de Mar\u00e7o, ter\u00e7a-feira, ser\u00e3o realizados os desfiles municipais, o tradicional \u201cCarnaval de rua\u201d, com desfiles em diversos pontos da cidade.<\/p>\n\n\n\n<p>Os resultados do entrudo ser\u00e3o divulgados no dia 5 de Mar\u00e7o, e a cerim\u00f3nia de entrega de pr\u00e9mios, diplomas e trof\u00e9us aos vencedores est\u00e1 agendada para o dia 8 de Mar\u00e7o.<\/p>\n\n\n\n<p>Desde a sua primeira edi\u00e7\u00e3o em 1978, na quinta avenida, no Cazenga, o Carnaval de Luanda tem sido um palco de celebra\u00e7\u00e3o e express\u00e3o cultural.<\/p>\n\n\n\n<p>O primeiro grupo vencedor foi o Uni\u00e3o Oper\u00e1rio Kabocomeu, do Sambizanga, que se destacou pelo uso de indument\u00e1rias e sombrinhas pretas.<\/p>\n\n\n\n<p>O Uni\u00e3o Mundo da Ilha \u00e9 o maior campe\u00e3o do Carnaval de Luanda, com 14 t\u00edtulos conquistados, seguido pelo Uni\u00e3o Kiela com cinco pr\u00e9mios, o Uni\u00e3o 10 de Dezembro com quatro, seguem a Uni\u00e3o Angola Independente e a Uni\u00e3o Sagrada Esperan\u00e7a com tr\u00eas trof\u00e9us cada.<\/p>\n\n\n\n<p>O Carnaval de Luanda 2025 promete ser uma celebra\u00e7\u00e3o inesquec\u00edvel da cultura angolana, da hist\u00f3ria do Pa\u00eds e do esp\u00edrito de uni\u00e3o e alegria do povo.<\/p>\n\n\n\n<p>Esta celebra\u00e7\u00e3o ganha um significado especial, pois coincide com a celebra\u00e7\u00e3o dos 50 anos do anivers\u00e1rio da Independ\u00eancia Nacional, que ter\u00e1 como lema \u201cPreservar e valorizar as conquistas alcan\u00e7adas, construindo um futuro melhor\u201d.<\/p>\n\n\n\n<p>Recorde-se que a directora do Gabinete Provincial da Cultura, Tatiana Mbuta garantiu a imprensa que este ano ser\u00e3o premiados os cinco primeiros classificados em cada classe.<\/p>\n","protected":false},"excerpt":{"rendered":"<p>Arranca amanh\u00e3 a maior manifesta\u00e7\u00e3o cultural do Pa\u00eds, o Carnaval Edi\u00e7\u00e3o 2025, que decorre at\u00e9 o dia 3 de Mar\u00e7o, com a participa\u00e7\u00e3o de 39 grupos, sendo 15 para classe [&hellip;]<\/p>\n","protected":false},"author":17,"featured_media":3396,"comment_status":"open","ping_status":"open","sticky":false,"template":"","format":"standard","meta":{"_acf_changed":false,"om_disable_all_campaigns":false,"_monsterinsights_skip_tracking":false,"_monsterinsights_sitenote_active":false,"_monsterinsights_sitenote_note":"","_monsterinsights_sitenote_category":0,"_uf_show_specific_survey":0,"_uf_disable_surveys":false,"footnotes":""},"categories":[9],"tags":[],"class_list":["post-3395","post","type-post","status-publish","format-standard","has-post-thumbnail","hentry","category-culture"],"acf":[],"aioseo_notices":[],"_links":{"self":[{"href":"https:\/\/zango.co.ao\/index.php\/wp-json\/wp\/v2\/posts\/3395","targetHints":{"allow":["GET"]}}],"collection":[{"href":"https:\/\/zango.co.ao\/index.php\/wp-json\/wp\/v2\/posts"}],"about":[{"href":"https:\/\/zango.co.ao\/index.php\/wp-json\/wp\/v2\/types\/post"}],"author":[{"embeddable":true,"href":"https:\/\/zango.co.ao\/index.php\/wp-json\/wp\/v2\/users\/17"}],"replies":[{"embeddable":true,"href":"https:\/\/zango.co.ao\/index.php\/wp-json\/wp\/v2\/comments?post=3395"}],"version-history":[{"count":5,"href":"https:\/\/zango.co.ao\/index.php\/wp-json\/wp\/v2\/posts\/3395\/revisions"}],"predecessor-version":[{"id":3404,"href":"https:\/\/zango.co.ao\/index.php\/wp-json\/wp\/v2\/posts\/3395\/revisions\/3404"}],"wp:featuredmedia":[{"embeddable":true,"href":"https:\/\/zango.co.ao\/index.php\/wp-json\/wp\/v2\/media\/3396"}],"wp:attachment":[{"href":"https:\/\/zango.co.ao\/index.php\/wp-json\/wp\/v2\/media?parent=3395"}],"wp:term":[{"taxonomy":"category","embeddable":true,"href":"https:\/\/zango.co.ao\/index.php\/wp-json\/wp\/v2\/categories?post=3395"},{"taxonomy":"post_tag","embeddable":true,"href":"https:\/\/zango.co.ao\/index.php\/wp-json\/wp\/v2\/tags?post=3395"}],"curies":[{"name":"wp","href":"https:\/\/api.w.org\/{rel}","templated":true}]}}