{"id":3436,"date":"2025-03-03T13:38:41","date_gmt":"2025-03-03T13:38:41","guid":{"rendered":"https:\/\/zango.co.ao\/?p=3436"},"modified":"2025-03-03T13:38:43","modified_gmt":"2025-03-03T13:38:43","slug":"ceast-pede-reforco-da-reconciliacao-nos-50-anos-de-independencia-do-pais","status":"publish","type":"post","link":"https:\/\/zango.co.ao\/index.php\/2025\/03\/03\/ceast-pede-reforco-da-reconciliacao-nos-50-anos-de-independencia-do-pais\/","title":{"rendered":"CEAST Pede Refor\u00e7o da Reconcilia\u00e7\u00e3o nos 50 anos de Independ\u00eancia do Pa\u00eds"},"content":{"rendered":"\n<p>O porta-voz da Confer\u00eancia Episcopal de Angola e S\u00e3o Tom\u00e9 (CEAST), Dom Belmiro Chissengueti, afirmou nesta sexta-feira, 28 de Fevereiro, durante o encerramento da primeira Assembleia Plen\u00e1ria dos Bispos de 2025, que os 50 anos de Independ\u00eancia devem ser uma oportunidade para refor\u00e7ar a reconcilia\u00e7\u00e3o nacional, promover o perd\u00e3o e construir um futuro mais inclusivo e pac\u00edfico.<\/p>\n\n\n\n<p>Belmiro Chissenguete disse, em Luanda, que a ocasi\u00e3o deve servir para fortalecer os la\u00e7os entre os angolanos, independentemente das diferen\u00e7as pol\u00edticas, sociais e culturais, e evitar discursos de \u00f3dio que possam reabrir feridas do passado. <\/p>\n\n\n\n<p>\u201cOs 50 anos de Independ\u00eancia n\u00e3o devem ser apenas uma celebra\u00e7\u00e3o hist\u00f3rica, mas sim um momento de reflex\u00e3o e compromisso com a unidade nacional. Precisamos olhar para o futuro com esperan\u00e7a e promover uma cultura de paz, perd\u00e3o e reconcilia\u00e7\u00e3o\u201d, sublinhou.<\/p>\n\n\n\n<p>O prelado destacou a necessidade deste jubileu ser acompanhado por medidas concretas, como o perd\u00e3o de d\u00edvidas e a liberta\u00e7\u00e3o de presos, especialmente aqueles condenados por crimes de menor gravidade.<\/p>\n\n\n\n<p>\u201cO jubileu \u00e9 um tempo de renova\u00e7\u00e3o e miseric\u00f3rdia, por isso \u00e9 fundamental que este marco hist\u00f3rico seja vivido como um novo recome\u00e7o para Angola, nos valores da justi\u00e7a social e da solidariedade\u201d, acrescentou. <\/p>\n\n\n\n<p>Dom Belmiro Chissengueti reafirmou o compromisso da Igreja na promo\u00e7\u00e3o da coes\u00e3o e da paz social, defendendo a regulariza\u00e7\u00e3o da Seguran\u00e7a Social do Clero, dos religiosos e dos trabalhadores das institui\u00e7\u00f5es da Igreja Cat\u00f3lica.<\/p>\n\n\n\n<p>\u201cPara a Confer\u00eancia Episcopal, garantir estabilidade a esses agentes que prestam um servi\u00e7o fundamental \u00e0 sociedade \u00e9 um passo essencial para o fortalecimento da miss\u00e3o pastoral\u201d, evocou.<\/p>\n\n\n\n<p>O religioso alertou para os impactos negativos da destrui\u00e7\u00e3o ambiental e incentivou a adop\u00e7\u00e3o de pol\u00edticas p\u00fablicas que priorizem o equil\u00edbrio ecol\u00f3gico e o desenvolvimento sustent\u00e1vel, refor\u00e7ando o papel das comunidades locais na preserva\u00e7\u00e3o do meio ambiente.<\/p>\n\n\n\n<p>Segundo Dom Belmiro Chissengueti, h\u00e1 uma necessidade urgente de o pa\u00eds repensar um modelo eficiente de candidatura aos sectores da Sa\u00fade e Educa\u00e7\u00e3o, garantindo que os candidatos admitidos permane\u00e7am nas localidades onde s\u00e3o destacados.\u201cTemos um cen\u00e1rio em que muitos profissionais assinam contratos, come\u00e7am a receber sal\u00e1rios, mas acabam por n\u00e3o comparecer nos seus postos de trabalho. <\/p>\n\n\n\n<p>Isso compromete gravemente a presta\u00e7\u00e3o de servi\u00e7os essenciais nas zonas mais afastadas do pa\u00eds, ent\u00e3o precisamos priorizar aqueles que t\u00eam verdadeiro compromisso com o desenvolvimento dessas comunidades\u201d, ressaltou.<\/p>\n\n\n\n<p>O prelado sugeriu que sejam criados mecanismos que incentivem a perman\u00eancia dos profissionais nas \u00e1reas mais carentes, bem como pol\u00edticas de forma\u00e7\u00e3o para que as popula\u00e7\u00f5es locais tenham acesso a concursos p\u00fablicos e possam contribuir para o progresso das suas comunidades.Dom Belmiro Chissengueti destacou a necessidade de expandir o n\u00famero de dioceses no pa\u00eds, para uma presen\u00e7a mais pr\u00f3xima e efectiva da Igreja junto das comunidades.<\/p>\n\n\n\n<p>O religioso explicou que, em algumas regi\u00f5es, as sedes diocesanas se encontram muito distantes das popula\u00e7\u00f5es, dificultando o trabalho pastoral e social.<\/p>\n\n\n\n<p>\u201cA cria\u00e7\u00e3o de novas dioceses permitir\u00e1 um acompanhamento mais pr\u00f3ximo dos fi\u00e9is, para assegurar que a Igreja cumpra plenamente a sua miss\u00e3o de evangeliza\u00e7\u00e3o e assist\u00eancia social\u201d, disse, acrescentando que o Papa Francisco tem insistido na import\u00e2ncia de uma Igreja pr\u00f3xima do povo, e esse \u201c\u00e9 um caminho que queremos seguir\u201d.<\/p>\n","protected":false},"excerpt":{"rendered":"<p>O porta-voz da Confer\u00eancia Episcopal de Angola e S\u00e3o Tom\u00e9 (CEAST), Dom Belmiro Chissengueti, afirmou nesta sexta-feira, 28 de Fevereiro, durante o encerramento da primeira Assembleia Plen\u00e1ria dos Bispos de [&hellip;]<\/p>\n","protected":false},"author":8,"featured_media":3438,"comment_status":"open","ping_status":"open","sticky":false,"template":"","format":"standard","meta":{"_acf_changed":false,"om_disable_all_campaigns":false,"_monsterinsights_skip_tracking":false,"_monsterinsights_sitenote_active":false,"_monsterinsights_sitenote_note":"","_monsterinsights_sitenote_category":0,"_uf_show_specific_survey":0,"_uf_disable_surveys":false,"footnotes":""},"categories":[103],"tags":[],"class_list":["post-3436","post","type-post","status-publish","format-standard","has-post-thumbnail","hentry","category-politics"],"acf":[],"aioseo_notices":[],"_links":{"self":[{"href":"https:\/\/zango.co.ao\/index.php\/wp-json\/wp\/v2\/posts\/3436","targetHints":{"allow":["GET"]}}],"collection":[{"href":"https:\/\/zango.co.ao\/index.php\/wp-json\/wp\/v2\/posts"}],"about":[{"href":"https:\/\/zango.co.ao\/index.php\/wp-json\/wp\/v2\/types\/post"}],"author":[{"embeddable":true,"href":"https:\/\/zango.co.ao\/index.php\/wp-json\/wp\/v2\/users\/8"}],"replies":[{"embeddable":true,"href":"https:\/\/zango.co.ao\/index.php\/wp-json\/wp\/v2\/comments?post=3436"}],"version-history":[{"count":1,"href":"https:\/\/zango.co.ao\/index.php\/wp-json\/wp\/v2\/posts\/3436\/revisions"}],"predecessor-version":[{"id":3437,"href":"https:\/\/zango.co.ao\/index.php\/wp-json\/wp\/v2\/posts\/3436\/revisions\/3437"}],"wp:featuredmedia":[{"embeddable":true,"href":"https:\/\/zango.co.ao\/index.php\/wp-json\/wp\/v2\/media\/3438"}],"wp:attachment":[{"href":"https:\/\/zango.co.ao\/index.php\/wp-json\/wp\/v2\/media?parent=3436"}],"wp:term":[{"taxonomy":"category","embeddable":true,"href":"https:\/\/zango.co.ao\/index.php\/wp-json\/wp\/v2\/categories?post=3436"},{"taxonomy":"post_tag","embeddable":true,"href":"https:\/\/zango.co.ao\/index.php\/wp-json\/wp\/v2\/tags?post=3436"}],"curies":[{"name":"wp","href":"https:\/\/api.w.org\/{rel}","templated":true}]}}