{"id":4253,"date":"2025-04-04T13:00:10","date_gmt":"2025-04-04T13:00:10","guid":{"rendered":"https:\/\/zango.co.ao\/?p=4253"},"modified":"2025-04-04T13:00:12","modified_gmt":"2025-04-04T13:00:12","slug":"angolanos-celebram-hoje-23-anos-pela-conquista-da-paz-definitiva","status":"publish","type":"post","link":"https:\/\/zango.co.ao\/index.php\/2025\/04\/04\/angolanos-celebram-hoje-23-anos-pela-conquista-da-paz-definitiva\/","title":{"rendered":"Angolanos Celebram hoje 23 anos pela Conquista da Paz Definitiva"},"content":{"rendered":"\n<p>Angola assinala, hoje, 04 de Abril, o 23.\u00ba anivers\u00e1rio do Dia da Paz e da Reconcilia\u00e7\u00e3o Nacional, data que marca o fim da guerra e o in\u00edcio da conviv\u00eancia pac\u00edfica entre os angolanos, no ano em que celebra 50 anos de Independ\u00eancia.<\/p>\n\n\n\n<p>A 4 de Abril de 2002 era assinado, em Luanda, o Memorando de Entendimento do Luena, entre o Governo e a UNITA, ap\u00f3s 27 anos de conflito armado, que provocou milhares de mortes, deslocados, \u00f3rf\u00e3os e vi\u00favas e a destrui\u00e7\u00e3o de infra-estruturas importantes.<\/p>\n\n\n\n<p>A busca pela paz foi, desde sempre, o desejo dos angolanos, mas s\u00f3 se tornou real depois da morte, em combate, do l\u00edder hist\u00f3rico da UNITA, Jonas Savimbi.<\/p>\n\n\n\n<figure class=\"wp-block-image size-full\"><img fetchpriority=\"high\" decoding=\"async\" width=\"587\" height=\"355\" src=\"https:\/\/zango.co.ao\/wp-content\/uploads\/2025\/04\/1000196702-1.jpg\" alt=\"\" class=\"wp-image-4262\" srcset=\"https:\/\/zango.co.ao\/wp-content\/uploads\/2025\/04\/1000196702-1.jpg 587w, https:\/\/zango.co.ao\/wp-content\/uploads\/2025\/04\/1000196702-1-300x181.jpg 300w\" sizes=\"(max-width: 587px) 100vw, 587px\" \/><\/figure>\n\n\n\n<p>O pacto da paz come\u00e7ou a ser tratado a 18 de Mar\u00e7o de 2002, na comuna de Cassamba, munic\u00edpio do Luchazes, prov\u00edncia do Moxico, quando o general de Ex\u00e9rcito Geraldo Sachipengo Nunda, das For\u00e7as Armadas Angolanas (FAA), e o ent\u00e3o chefe do Estado-Maior das For\u00e7as Militares da UNITA, general Abreu Muengo &#8220;Kamorteiro&#8221;, assinaram um &#8220;pr\u00e9-acordo&#8221; de cessar-fogo.<\/p>\n\n\n\n<p>O acordo militar foi assinado a 30 de Mar\u00e7o de 2002, no Luena, capital do Moxico. Mas o Memorando de Entendimento do Luena tomou forma a 4 de Abril de 2002, numa cerim\u00f3nia solene, no ent\u00e3o Pal\u00e1cio dos Congressos, em Luanda.<\/p>\n\n\n\n<p>Coube aos generais Armando da Cruz Neto, pelas FAA, e Abreu Muengo &#8220;Kamorteiro&#8221;, pela UNITA, assinar o Memorando, na presen\u00e7a do ent\u00e3o Presidente da Rep\u00fablica, Jos\u00e9 Eduardo dos Santos, representantes da sociedade civil, l\u00edderes religiosos e membros do corpo diplom\u00e1tico.<\/p>\n\n\n\n<p>A partir da\u00ed, o 4 de Abril passou a ser uma das datas mais importantes na vida dos angolanos, ao lado da data da proclama\u00e7\u00e3o da Independ\u00eancia.<\/p>\n\n\n\n<p>Este ano, as comemora\u00e7\u00f5es decorrem sob o lema &#8220;Angola 50 Anos: Preservar e Valorizar as Conquistas Alcan\u00e7adas, Construindo Um Futuro Melhor&#8221;.<\/p>\n\n\n\n<p>No entanto, em pleno Dia da Paz, a UNITA anuncia que n\u00e3o participar\u00e1 nas comemora\u00e7\u00f5es dos 50 anos da independ\u00eancia, enquanto Holden Roberto e Jonas Savimbi n\u00e3o forem igualmente reconhecidos como pais da independ\u00eancia e her\u00f3is nacionais.<\/p>\n\n\n\n<figure class=\"wp-block-image size-full\"><img decoding=\"async\" width=\"575\" height=\"575\" src=\"https:\/\/zango.co.ao\/wp-content\/uploads\/2025\/04\/1000196706.webp\" alt=\"\" class=\"wp-image-4264\" srcset=\"https:\/\/zango.co.ao\/wp-content\/uploads\/2025\/04\/1000196706.webp 575w, https:\/\/zango.co.ao\/wp-content\/uploads\/2025\/04\/1000196706-300x300.webp 300w, https:\/\/zango.co.ao\/wp-content\/uploads\/2025\/04\/1000196706-150x150.webp 150w, https:\/\/zango.co.ao\/wp-content\/uploads\/2025\/04\/1000196706-204x204.webp 204w, https:\/\/zango.co.ao\/wp-content\/uploads\/2025\/04\/1000196706-166x166.webp 166w, https:\/\/zango.co.ao\/wp-content\/uploads\/2025\/04\/1000196706-524x524.webp 524w\" sizes=\"(max-width: 575px) 100vw, 575px\" \/><\/figure>\n\n\n\n<p>Para a UNITA, maior partido na oposi\u00e7\u00e3o, Holden Roberto, l\u00edder fundador da FNLA, e Jonas Savimbi, fundador da UNITA, devem ser reconhecidos pelo Governo angolano como pais da independ\u00eancia e her\u00f3is nacionais, ao lado de Agostinho Neto, do Movimento Popular de Liberta\u00e7\u00e3o de Angola (MPLA, no poder desde 1975).<\/p>\n\n\n\n<p>V\u00e1rias figuras da vida pol\u00edtica (incluindo nacionalistas e ex-combatentes dos tr\u00eas movimentos de liberta\u00e7\u00e3o FNLA, UNITA e MPLA) econ\u00f3mica, social, cultural e desportiva de Angola constam da lista de condecora\u00e7\u00f5es que est\u00e3o a ser atribu\u00eddas hoje pelo Presidente angolano, Jo\u00e3o Louren\u00e7o, no \u00e2mbito das celebra\u00e7\u00f5es dos 50 anos da independ\u00eancia de Angola.<\/p>\n\n\n\n<figure class=\"wp-block-image size-large\"><img decoding=\"async\" width=\"1024\" height=\"704\" src=\"https:\/\/zango.co.ao\/wp-content\/uploads\/2025\/04\/1000196748-1024x704.jpg\" alt=\"\" class=\"wp-image-4266\" srcset=\"https:\/\/zango.co.ao\/wp-content\/uploads\/2025\/04\/1000196748-1024x704.jpg 1024w, https:\/\/zango.co.ao\/wp-content\/uploads\/2025\/04\/1000196748-300x206.jpg 300w, https:\/\/zango.co.ao\/wp-content\/uploads\/2025\/04\/1000196748-768x528.jpg 768w, https:\/\/zango.co.ao\/wp-content\/uploads\/2025\/04\/1000196748-1536x1056.jpg 1536w, https:\/\/zango.co.ao\/wp-content\/uploads\/2025\/04\/1000196748-2048x1408.jpg 2048w, https:\/\/zango.co.ao\/wp-content\/uploads\/2025\/04\/1000196748-716x492.jpg 716w, https:\/\/zango.co.ao\/wp-content\/uploads\/2025\/04\/1000196748-820x564.jpg 820w, https:\/\/zango.co.ao\/wp-content\/uploads\/2025\/04\/1000196748-1320x907.jpg 1320w\" sizes=\"(max-width: 1024px) 100vw, 1024px\" \/><\/figure>\n\n\n\n<p>Pelo menos 247 personalidades constam desta primeira lista de homenageados e em v\u00e1rios c\u00edrculos pol\u00edticos e sociedade civil questionam as aus\u00eancias dos nomes de Holden Roberto, Jonas Savimbi e de outras figuras que fizeram parte dos tr\u00eas movimentos de liberta\u00e7\u00e3o do pa\u00eds.<\/p>\n\n\n\n<p>Entretanto membros dos partidos da oposi\u00e7\u00e3o consideram que os 23 anos de paz em Angola contratam com a actual realidade realidade do pa\u00eds, que enfrenta uma crise econ\u00f3mica e social sem precedentes, com retrocesso no processo democr\u00e1tico.<\/p>\n\n\n\n<figure class=\"wp-block-image size-large\"><img loading=\"lazy\" decoding=\"async\" width=\"1024\" height=\"682\" src=\"https:\/\/zango.co.ao\/wp-content\/uploads\/2025\/04\/1000196745-1-1024x682.jpg\" alt=\"\" class=\"wp-image-4261\" srcset=\"https:\/\/zango.co.ao\/wp-content\/uploads\/2025\/04\/1000196745-1-1024x682.jpg 1024w, https:\/\/zango.co.ao\/wp-content\/uploads\/2025\/04\/1000196745-1-300x200.jpg 300w, https:\/\/zango.co.ao\/wp-content\/uploads\/2025\/04\/1000196745-1-768x512.jpg 768w, https:\/\/zango.co.ao\/wp-content\/uploads\/2025\/04\/1000196745-1-716x477.jpg 716w, https:\/\/zango.co.ao\/wp-content\/uploads\/2025\/04\/1000196745-1-332x222.jpg 332w, https:\/\/zango.co.ao\/wp-content\/uploads\/2025\/04\/1000196745-1-820x546.jpg 820w, https:\/\/zango.co.ao\/wp-content\/uploads\/2025\/04\/1000196745-1.jpg 1280w\" sizes=\"(max-width: 1024px) 100vw, 1024px\" \/><\/figure>\n\n\n\n<p>O acto central do Dia da Paz e da Reconcilia\u00e7\u00e3o Nacional, decorre na cidade do Luau, na prov\u00edncia do Moxico Leste, presidido pela Vice-Presidente da Rep\u00fablica, Esperan\u00e7a da Costa.<\/p>\n\n\n\n<p>A Vice-Presidente da Rep\u00fablica, afirmou, ao discursar na abertura do acto, que &#8220;a paz \u00e9 o bem mais precioso que os angolanos alcan\u00e7aram&#8221; desde a conquista da Independ\u00eancia Nacional, proclamada pelo saudoso Presidente Ant\u00f3nio Agostinho Neto, funda\u00e7\u00e3o da Na\u00e7\u00e3o.<\/p>\n","protected":false},"excerpt":{"rendered":"<p>Angola assinala, hoje, 04 de Abril, o 23.\u00ba anivers\u00e1rio do Dia da Paz e da Reconcilia\u00e7\u00e3o Nacional, data que marca o fim da guerra e o in\u00edcio da conviv\u00eancia pac\u00edfica [&hellip;]<\/p>\n","protected":false},"author":8,"featured_media":4255,"comment_status":"open","ping_status":"open","sticky":false,"template":"","format":"standard","meta":{"_acf_changed":false,"om_disable_all_campaigns":false,"_monsterinsights_skip_tracking":false,"_monsterinsights_sitenote_active":false,"_monsterinsights_sitenote_note":"","_monsterinsights_sitenote_category":0,"_uf_show_specific_survey":0,"_uf_disable_surveys":false,"footnotes":""},"categories":[103],"tags":[],"class_list":["post-4253","post","type-post","status-publish","format-standard","has-post-thumbnail","hentry","category-politics"],"acf":[],"aioseo_notices":[],"_links":{"self":[{"href":"https:\/\/zango.co.ao\/index.php\/wp-json\/wp\/v2\/posts\/4253","targetHints":{"allow":["GET"]}}],"collection":[{"href":"https:\/\/zango.co.ao\/index.php\/wp-json\/wp\/v2\/posts"}],"about":[{"href":"https:\/\/zango.co.ao\/index.php\/wp-json\/wp\/v2\/types\/post"}],"author":[{"embeddable":true,"href":"https:\/\/zango.co.ao\/index.php\/wp-json\/wp\/v2\/users\/8"}],"replies":[{"embeddable":true,"href":"https:\/\/zango.co.ao\/index.php\/wp-json\/wp\/v2\/comments?post=4253"}],"version-history":[{"count":5,"href":"https:\/\/zango.co.ao\/index.php\/wp-json\/wp\/v2\/posts\/4253\/revisions"}],"predecessor-version":[{"id":4269,"href":"https:\/\/zango.co.ao\/index.php\/wp-json\/wp\/v2\/posts\/4253\/revisions\/4269"}],"wp:featuredmedia":[{"embeddable":true,"href":"https:\/\/zango.co.ao\/index.php\/wp-json\/wp\/v2\/media\/4255"}],"wp:attachment":[{"href":"https:\/\/zango.co.ao\/index.php\/wp-json\/wp\/v2\/media?parent=4253"}],"wp:term":[{"taxonomy":"category","embeddable":true,"href":"https:\/\/zango.co.ao\/index.php\/wp-json\/wp\/v2\/categories?post=4253"},{"taxonomy":"post_tag","embeddable":true,"href":"https:\/\/zango.co.ao\/index.php\/wp-json\/wp\/v2\/tags?post=4253"}],"curies":[{"name":"wp","href":"https:\/\/api.w.org\/{rel}","templated":true}]}}