{"id":4979,"date":"2025-04-29T11:43:54","date_gmt":"2025-04-29T11:43:54","guid":{"rendered":"https:\/\/zango.co.ao\/?p=4979"},"modified":"2025-04-29T11:43:57","modified_gmt":"2025-04-29T11:43:57","slug":"conclave-para-a-eleicao-do-novo-papa-arranca-no-dia-7-de-maio","status":"publish","type":"post","link":"https:\/\/zango.co.ao\/index.php\/2025\/04\/29\/conclave-para-a-eleicao-do-novo-papa-arranca-no-dia-7-de-maio\/","title":{"rendered":"Conclave para a Elei\u00e7\u00e3o do Novo Papa Arranca no dia 7 de Maio"},"content":{"rendered":"\n<p>O Conclave para a elei\u00e7\u00e3o do novo Papa arranca no dia 7 de Maio, anunciou o Vaticano, na sequ\u00eancia de uma reuni\u00e3o de cardeais, ocorrida segunda-feira.<\/p>\n\n\n\n<p>A data para o sucessor de Francisco, falecido no dia 21 deste m\u00eas e sepultado no \u00faltimo s\u00e1bado, na Bas\u00edlica de Santa Maria Maior, foi definida na manh\u00e3 de ontem pelos cerca de 180 cardeais presentes (pouco mais de 100 eleitores), reunidos na 5.\u00aa Congrega\u00e7\u00e3o Geral, no Vaticano.<\/p>\n\n\n\n<p>Assim, \u201c<em>Extra omnes<\/em>\u201d, a hist\u00f3rica f\u00f3rmula em latim que marca o in\u00edcio do fechamento \u00e0 chave da Capela Sistina \u2013 onde acontece o Conclave \u2013 vai ser pronunciada pelo mestre das Celebra\u00e7\u00f5es Lit\u00fargicas Pontif\u00edcias a 7 de Maio.<\/p>\n\n\n\n<figure class=\"wp-block-image size-full\"><img fetchpriority=\"high\" decoding=\"async\" width=\"675\" height=\"450\" src=\"https:\/\/zango.co.ao\/wp-content\/uploads\/2025\/04\/1000234913.jpg\" alt=\"\" class=\"wp-image-4985\" srcset=\"https:\/\/zango.co.ao\/wp-content\/uploads\/2025\/04\/1000234913.jpg 675w, https:\/\/zango.co.ao\/wp-content\/uploads\/2025\/04\/1000234913-300x200.jpg 300w, https:\/\/zango.co.ao\/wp-content\/uploads\/2025\/04\/1000234913-332x222.jpg 332w\" sizes=\"(max-width: 675px) 100vw, 675px\" \/><\/figure>\n\n\n\n<p>Traduzido para o portugu\u00eas, \u201c<em>Extra omnes<\/em>\u201d significa \u201cFora todos\u201d. Ou seja, aqueles que n\u00e3o s\u00e3o admitidos na reuni\u00e3o dos cardeais convocados para eleger o pr\u00f3ximo Pont\u00edfice da Igreja Cat\u00f3lica devem abandonar a Capela Sistina. \u201cOs purpurados (cardeais) eleitores, com menos de 80 anos de idade, ficar\u00e3o isolados do resto do mundo dentro da Capela Sistina, at\u00e9 \u00e0 fuma\u00e7a branca e o \u201c<em>Habemus Papam<\/em>\u201d (Temos Papa), a outra famosa f\u00f3rmula latina pronunciada pelo cardeal protodi\u00e1cono para anunciar ao mundo a escolha do novo Papa\u201d, refere a Vatican News.<\/p>\n\n\n\n<p>H\u00e1 uma data certa para o arranque do Conclave, mas o encerramento \u00e9 incerto, embora, segundo a Vatican News, entre os pr\u00f3prios cardeais eleitores haja aqueles que esperam um encontro curto, considerando tamb\u00e9m o Jubileu em andamento, e outros que, ao contr\u00e1rio, prev\u00eaem tempos mais longos para permitir que os cardeais \u201cse conhe\u00e7am melhor\u201d, com vista a uma melhor escolha.<\/p>\n\n\n\n<p>O padre angolano Pedro Sampaio, que se encontra h\u00e1 oito anos no Vaticano, durante o qual concluiu um mestrado e frequenta um doutoramento em Matrim\u00f3nio e Fam\u00edlia, j\u00e1 em fase conclusiva, aventa a possibilidade de o novo Papa ser conhecido a 13 de Maio, sete dias depois do arranque do Conclave.<\/p>\n\n\n\n<p>\u201cMinha opini\u00e3o muito pessoal, fazendo uma analogia com o 13 de Maio, dia de Nossa Senhora de F\u00e1tima, e a data de elei\u00e7\u00e3o do Papa Francisco (13 de Mar\u00e7o de 2013), pode-se, por uma quest\u00e3o de homenagem, indicar a data de 13 de Maio (para a divulga\u00e7\u00e3o do nome do novo Pont\u00edfice), pois quer o Papa Jo\u00e3o Paulo II, quer Francisco eram devotos de Nossa Senhora de F\u00e1tima\u201d, sustentou o sacerdote da Diocese de Mbanza Kongo.<\/p>\n\n\n\n<p>De acordo com o Vaticano, o cronograma para o in\u00edcio do Conclave \u00e9 estabelecido pelas normas da constitui\u00e7\u00e3o apost\u00f3lica de Jo\u00e3o Paulo II, Universi Dominici Gregis, actualizada por Bento XVI com o Motu Proprio, de 11 de Junho de 2007, e com a mais recente de 22 de Fevereiro de 2013. <\/p>\n\n\n\n<p>De acordo com a Constitui\u00e7\u00e3o, o Conclave \u2013 do latim <em>cum clave<\/em>, que significa fechado \u00e0 chave \u2013 come\u00e7a entre o 15.\u00ba e o 20.\u00ba dia ap\u00f3s a morte do Papa, depois dos <em>Novendiali<\/em>, os nove dias de celebra\u00e7\u00f5es em sufr\u00e1gio do Pont\u00edfice falecido.<\/p>\n\n\n\n<p>A partir do momento em que a S\u00e9 Apost\u00f3lica \u00e9 legitimamente vacante, os cardeais eleitores presentes devem esperar 15 dias completos pelos ausentes, at\u00e9 um m\u00e1ximo de 20 dias, se houver motivos s\u00e9rios.<\/p>\n\n\n\n<p>Al\u00e9m disso, d\u00e1-se ao Col\u00e9gio de Cardeais a faculdade de antecipar o in\u00edcio do Conclave se todos os eleitores estiverem presentes.<\/p>\n\n\n\n<p>Os Cardeais das partes mais distantes que n\u00e3o presenciaram o funeral do Papa Francisco s\u00e3o esperados em Roma nestes dias. \u00c0 medida que forem chegando, ser\u00e3o hospedados na Casa Santa Marta, no Vaticano, onde Francisco decidiu morar, renunciando ao Pal\u00e1cio Papal.<\/p>\n","protected":false},"excerpt":{"rendered":"<p>O Conclave para a elei\u00e7\u00e3o do novo Papa arranca no dia 7 de Maio, anunciou o Vaticano, na sequ\u00eancia de uma reuni\u00e3o de cardeais, ocorrida segunda-feira. A data para o [&hellip;]<\/p>\n","protected":false},"author":16,"featured_media":4983,"comment_status":"open","ping_status":"open","sticky":false,"template":"","format":"standard","meta":{"_acf_changed":false,"om_disable_all_campaigns":false,"_monsterinsights_skip_tracking":false,"_monsterinsights_sitenote_active":false,"_monsterinsights_sitenote_note":"","_monsterinsights_sitenote_category":0,"_uf_show_specific_survey":0,"_uf_disable_surveys":false,"footnotes":""},"categories":[1],"tags":[],"class_list":["post-4979","post","type-post","status-publish","format-standard","has-post-thumbnail","hentry","category-especial"],"acf":[],"aioseo_notices":[],"_links":{"self":[{"href":"https:\/\/zango.co.ao\/index.php\/wp-json\/wp\/v2\/posts\/4979","targetHints":{"allow":["GET"]}}],"collection":[{"href":"https:\/\/zango.co.ao\/index.php\/wp-json\/wp\/v2\/posts"}],"about":[{"href":"https:\/\/zango.co.ao\/index.php\/wp-json\/wp\/v2\/types\/post"}],"author":[{"embeddable":true,"href":"https:\/\/zango.co.ao\/index.php\/wp-json\/wp\/v2\/users\/16"}],"replies":[{"embeddable":true,"href":"https:\/\/zango.co.ao\/index.php\/wp-json\/wp\/v2\/comments?post=4979"}],"version-history":[{"count":5,"href":"https:\/\/zango.co.ao\/index.php\/wp-json\/wp\/v2\/posts\/4979\/revisions"}],"predecessor-version":[{"id":4986,"href":"https:\/\/zango.co.ao\/index.php\/wp-json\/wp\/v2\/posts\/4979\/revisions\/4986"}],"wp:featuredmedia":[{"embeddable":true,"href":"https:\/\/zango.co.ao\/index.php\/wp-json\/wp\/v2\/media\/4983"}],"wp:attachment":[{"href":"https:\/\/zango.co.ao\/index.php\/wp-json\/wp\/v2\/media?parent=4979"}],"wp:term":[{"taxonomy":"category","embeddable":true,"href":"https:\/\/zango.co.ao\/index.php\/wp-json\/wp\/v2\/categories?post=4979"},{"taxonomy":"post_tag","embeddable":true,"href":"https:\/\/zango.co.ao\/index.php\/wp-json\/wp\/v2\/tags?post=4979"}],"curies":[{"name":"wp","href":"https:\/\/api.w.org\/{rel}","templated":true}]}}