{"id":5356,"date":"2025-05-16T11:05:00","date_gmt":"2025-05-16T11:05:00","guid":{"rendered":"https:\/\/zango.co.ao\/?p=5356"},"modified":"2025-05-16T09:38:40","modified_gmt":"2025-05-16T09:38:40","slug":"angola-acolhe-pela-segunda-vez-taca-davis","status":"publish","type":"post","link":"https:\/\/zango.co.ao\/index.php\/2025\/05\/16\/angola-acolhe-pela-segunda-vez-taca-davis\/","title":{"rendered":"Angola Acolhe pela Segunda Vez Ta\u00e7a Davis"},"content":{"rendered":"\n<p>Angola volta acolher pela a ta\u00e7a Davis \u00c1frica fase IV em s\u00e9nior masculino, de 11 a 14 do m\u00eas de Junho do corrente ano. Na academia do Kikuxi Vila Club, em Luanda.<\/p>\n\n\n\n<p>O evento, a disputar-se na especialidade por equipa, faz parte do calend\u00e1rio da Federa\u00e7\u00e3o Internacional de T\u00e9nis (ITF) e est\u00e1 enquadrado nas celebra\u00e7\u00f5es dos 50 Anos da Independ\u00eancia Nacional.<\/p>\n\n\n\n<p>Por sua vez o secret\u00e1rio-geral da Federa\u00e7\u00e3o Angolana de T\u00e9nis (FAT), Urbano Cata, avan\u00e7ou estarem criadas as condi\u00e7\u00f5es para o pa\u00eds albergar a prova.<\/p>\n\n\n\n<p>Urbano destacou a rela\u00e7\u00e3o de confian\u00e7a entre a ITF e a FAT, fortalecida ap\u00f3s a organiza\u00e7\u00e3o de distintos eventos internacionais. Segundo o dirigente, os tenistas, das sete selec\u00e7\u00f5es participantes, come\u00e7am a escalar o pa\u00eds no dia 9 de Junho.<\/p>\n\n\n\n<p>Daniel Domingos, Emerson Pedro e Fernando Andr\u00e9 s\u00e3o os tenistas convocados para representar o combinado angolano na prova continental. Com a participa\u00e7\u00e3o de oito pa\u00edses, dentre os quais Angola, Burundi, C\u00f4te d&#8217; Ivoire, Gab\u00e3o, Ghana,Ilhas Maur\u00edcias, Qu\u00e9nia e a Rep\u00fablica Democr\u00e1tica do Congo.<\/p>\n\n\n\n<p>Os pa\u00edses participantes est\u00e3o inseridos na quarta divis\u00e3o e a competi\u00e7\u00e3o serve de acesso \u00e0 terceira. As selec\u00e7\u00f5es ser\u00e3o divididas em dois grupos, compostos por quatro equipas cada. Nas s\u00e9ries, sobem o primeiro e o segundo classificados, o terceiro garante a perman\u00eancia e o \u00faltimo colocado desce de divis\u00e3o.<\/p>\n\n\n\n<p>Importa lembrar que o pa\u00eds realizou a prova no ano passado, onde garantiu a manuten\u00e7\u00e3o na quarta divis\u00e3o, ao superar, por dois set\u2019s a um, o Rwanda, no duelo de acesso \u00e0 quinta posi\u00e7\u00e3o da Ta\u00e7a Davis \u00c1frica, disputada na Academia do Kikuxi Villas Club, em Luanda.<\/p>\n\n\n\n<p>A Copa Davis, o auge das competi\u00e7\u00f5es internacionais por equipas no t\u00eanis masculino, re\u00fane 180 na\u00e7\u00f5es ao redor do mundo. Estruturada em diferentes n\u00edveis, a competi\u00e7\u00e3o conta com o World Group, composto pelas 16 melhores equipas, seguido pelas divis\u00f5es regionais nas Am\u00e9ricas, Europa, \u00c1sia e \u00c1frica.<\/p>\n\n\n\n<p>Angola, comprometida em conquistar destaque internacional, compete nas zonas africanas do Grupo IV, com o objectivo de elevar seu patamar em torneios decisivos como este.<\/p>\n","protected":false},"excerpt":{"rendered":"<p>Angola volta acolher pela a ta\u00e7a Davis \u00c1frica fase IV em s\u00e9nior masculino, de 11 a 14 do m\u00eas de Junho do corrente ano. Na academia do Kikuxi Vila Club, [&hellip;]<\/p>\n","protected":false},"author":8,"featured_media":5357,"comment_status":"open","ping_status":"open","sticky":false,"template":"","format":"standard","meta":{"_acf_changed":false,"om_disable_all_campaigns":false,"_monsterinsights_skip_tracking":false,"_monsterinsights_sitenote_active":false,"_monsterinsights_sitenote_note":"","_monsterinsights_sitenote_category":0,"_uf_show_specific_survey":0,"_uf_disable_surveys":false,"footnotes":""},"categories":[630],"tags":[],"class_list":["post-5356","post","type-post","status-publish","format-standard","has-post-thumbnail","hentry","category-desporto"],"acf":[],"aioseo_notices":[],"_links":{"self":[{"href":"https:\/\/zango.co.ao\/index.php\/wp-json\/wp\/v2\/posts\/5356","targetHints":{"allow":["GET"]}}],"collection":[{"href":"https:\/\/zango.co.ao\/index.php\/wp-json\/wp\/v2\/posts"}],"about":[{"href":"https:\/\/zango.co.ao\/index.php\/wp-json\/wp\/v2\/types\/post"}],"author":[{"embeddable":true,"href":"https:\/\/zango.co.ao\/index.php\/wp-json\/wp\/v2\/users\/8"}],"replies":[{"embeddable":true,"href":"https:\/\/zango.co.ao\/index.php\/wp-json\/wp\/v2\/comments?post=5356"}],"version-history":[{"count":3,"href":"https:\/\/zango.co.ao\/index.php\/wp-json\/wp\/v2\/posts\/5356\/revisions"}],"predecessor-version":[{"id":5362,"href":"https:\/\/zango.co.ao\/index.php\/wp-json\/wp\/v2\/posts\/5356\/revisions\/5362"}],"wp:featuredmedia":[{"embeddable":true,"href":"https:\/\/zango.co.ao\/index.php\/wp-json\/wp\/v2\/media\/5357"}],"wp:attachment":[{"href":"https:\/\/zango.co.ao\/index.php\/wp-json\/wp\/v2\/media?parent=5356"}],"wp:term":[{"taxonomy":"category","embeddable":true,"href":"https:\/\/zango.co.ao\/index.php\/wp-json\/wp\/v2\/categories?post=5356"},{"taxonomy":"post_tag","embeddable":true,"href":"https:\/\/zango.co.ao\/index.php\/wp-json\/wp\/v2\/tags?post=5356"}],"curies":[{"name":"wp","href":"https:\/\/api.w.org\/{rel}","templated":true}]}}