{"id":6215,"date":"2025-06-23T11:02:00","date_gmt":"2025-06-23T11:02:00","guid":{"rendered":"https:\/\/zango.co.ao\/?p=6215"},"modified":"2025-06-23T10:36:04","modified_gmt":"2025-06-23T10:36:04","slug":"cimeira-de-negocios-eua-africa-arranca-hoje-na-marginal-de-luanda","status":"publish","type":"post","link":"https:\/\/zango.co.ao\/index.php\/2025\/06\/23\/cimeira-de-negocios-eua-africa-arranca-hoje-na-marginal-de-luanda\/","title":{"rendered":"Cimeira de Neg\u00f3cios EUA-\u00c1frica Arranca hoje na Marginal de Luanda"},"content":{"rendered":"\n<p>O Presidente da Rep\u00fablica e da Uni\u00e3o Africana, Jo\u00e3o Louren\u00e7o, declarou, hoje, que &#8220;\u00c9 tempo de olharmos para \u00c1frica como uma parceira cred\u00edvel que tem muito para oferecer, mas que carece de capital financeiro e de conhecimento&#8221;.<\/p>\n\n\n\n<p>Jo\u00e3o Louren\u00e7o fez estas declara\u00e7\u00f5es, por ocasi\u00e3o da abertura da 17\u00aa edi\u00e7\u00e3o da Cimeira EUA-\u00c1frica, que arrancou, ontem, na capital angolana, com mais de&nbsp; dois mil 800 participantes.<\/p>\n\n\n\n<p>&#8220;Gostar\u00edamos que o investimento privado directo americano no nosso continente n\u00e3o se limitasse apenas na extrac\u00e7\u00e3o de recursos minerais convencionais e raros ao sector energ\u00e9tico do petr\u00f3leo e g\u00e1s, mas que se interessase, tamb\u00e9m, por outro tipo de ind\u00fastrias transformadoras&#8221;, apelou.<\/p>\n\n\n\n<p>&#8220;N\u00e3o \u00e9 exagerado dizer que o futuro da inova\u00e7\u00e3o global ter\u00e1 tamb\u00e9m a impress\u00e3o africana o que de alguma forma j\u00e1 vem acontecendo&#8221;, disse Jo\u00e3o Louren\u00e7o.<\/p>\n\n\n\n<p>De acordo com o programa do evento empresarial, o Estadista angolano discursa, de manh\u00e3, na cerim\u00f3nia de abertura, e, no per\u00edodo da tarde, num painel de alto n\u00edvel, dedicado ao Corredor do Lobito.<\/p>\n\n\n\n<p>Nesta sess\u00e3o, a ser moderada pelo norte-americano Witney Schneidman, que j\u00e1 foi secret\u00e1rio de Estado Adjunto para os Assuntos Africanos no Governo de Clinton, o Presidente Jo\u00e3o Louren\u00e7o vai partilhar o espa\u00e7o com o Chefe de Investimentos da Corpora\u00e7\u00e3o Financeira para o Desenvolvimento Internacional (DFC) dos Estados Unidos, Conor Coleman, e o fundador e presidente do grupo Mitrelli, Haim Taib.<\/p>\n\n\n\n<p>V\u00e3o estar, igualmente, neste painel o director executivo da Sun \u00c1frica, Adam Cortese, presidente e director executivo da Africell Group, Ziad Dalloul, e o director executivo e presidente da Acrow Bridge, William Killeen.<\/p>\n\n\n\n<p>Este painel vai destacar, de forma objectiva, o refor\u00e7o das parcerias para o futuro das infra-estruturas em \u00c1frica, com base no Corredor do Lobito.<\/p>\n\n\n\n<figure class=\"wp-block-image size-large is-resized\"><img decoding=\"async\" src=\"https:\/\/zango.co.ao\/wp-content\/uploads\/2025\/06\/cimeira-eua-africa-edited.jpg\" alt=\"\" class=\"wp-image-6220\" style=\"width:535px;height:auto\"\/><\/figure>\n\n\n\n<p>A organiza\u00e7\u00e3o do evento considera o Corredor do Lobito um exemplo de como utilizar, de forma estrat\u00e9gica, o investimento em infra-estruturas para fortalecer as rotas comerciais regionais e criar p\u00f3los de crescimento, que desbloqueiam novas oportunidades de investimento que ir\u00e3o moldar o futuro do com\u00e9rcio e das economias africanas.<\/p>\n\n\n\n<p>Os participantes nesta sess\u00e3o, esclareceu a organiza\u00e7\u00e3o, v\u00e3o discutir os progressos alcan\u00e7ados desde as fases iniciais da infra-estrutura ferrovi\u00e1ria, aos novos investimentos que dever\u00e3o desbloquear e impulsionar um maior crescimento econ\u00f3mico na regi\u00e3o da \u00c1frica Austral e fora dela.<\/p>\n\n\n\n<p>O mesmo tema (Corredor do Lobito) volta a ser debatido num outro painel, a realizar-se no mesmo per\u00edodo, \u00e0 tarde, que vai contar com a participa\u00e7\u00e3o do Presidente da Rep\u00fablica Democr\u00e1tica do Congo (RDC), F\u00e9lix Tshisekedi, do presidente e director executivo da \u00c1frica Finance Corporation, Massad Boulos, que actua como conselheiro s\u00e9nior do Presidente norte-americano para os Assuntos \u00c1rabes, do M\u00e9dio Oriente e para \u00c1frica, no Departamento de Estado.<\/p>\n\n\n\n<p>Neste painel, v\u00e3o estar, ainda, o director executivo para \u00c1frica da KoBold Metals, Mfikeyi Makayi, director executivo da Anzana Electric Group, Brian Kelly, e Andr\u00e9 Duarte Figueira, da Partner, DLA Piper, \u00c1frica. Esta sess\u00e3o contar\u00e1 com a modera\u00e7\u00e3o de Jennifer Zabasajja, correspondente principal para \u00c1frica e piv\u00f3 da Bloomberg.\u00a0\u00a0<\/p>\n\n\n\n<p>Luanda recebe, de 22 a 25 de Junho, a 17.\u00aa edi\u00e7\u00e3o da Cimeira Empresarial EUA-\u00c1frica, o mais importante f\u00f3rum de neg\u00f3cios entre os Estados Unidos e o continente africano.<\/p>\n\n\n\n<p>O programa da cimeira inclui sess\u00f5es plen\u00e1rias de alto n\u00edvel, di\u00e1logos sectoriais, mesas-redondas privadas e sess\u00f5es de\u00a0<em>\u2018networking\u2019 B2B<\/em>, bem como uma exposi\u00e7\u00e3o de solu\u00e7\u00f5es tecnol\u00f3gicas.<\/p>\n","protected":false},"excerpt":{"rendered":"<p>O Presidente da Rep\u00fablica e da Uni\u00e3o Africana, Jo\u00e3o Louren\u00e7o, declarou, hoje, que &#8220;\u00c9 tempo de olharmos para \u00c1frica como uma parceira cred\u00edvel que tem muito para oferecer, mas que [&hellip;]<\/p>\n","protected":false},"author":8,"featured_media":6217,"comment_status":"open","ping_status":"open","sticky":false,"template":"","format":"standard","meta":{"_acf_changed":false,"om_disable_all_campaigns":false,"_monsterinsights_skip_tracking":false,"_monsterinsights_sitenote_active":false,"_monsterinsights_sitenote_note":"","_monsterinsights_sitenote_category":0,"_uf_show_specific_survey":0,"_uf_disable_surveys":false,"footnotes":""},"categories":[632],"tags":[],"class_list":["post-6215","post","type-post","status-publish","format-standard","has-post-thumbnail","hentry","category-noticias"],"acf":[],"aioseo_notices":[],"_links":{"self":[{"href":"https:\/\/zango.co.ao\/index.php\/wp-json\/wp\/v2\/posts\/6215","targetHints":{"allow":["GET"]}}],"collection":[{"href":"https:\/\/zango.co.ao\/index.php\/wp-json\/wp\/v2\/posts"}],"about":[{"href":"https:\/\/zango.co.ao\/index.php\/wp-json\/wp\/v2\/types\/post"}],"author":[{"embeddable":true,"href":"https:\/\/zango.co.ao\/index.php\/wp-json\/wp\/v2\/users\/8"}],"replies":[{"embeddable":true,"href":"https:\/\/zango.co.ao\/index.php\/wp-json\/wp\/v2\/comments?post=6215"}],"version-history":[{"count":2,"href":"https:\/\/zango.co.ao\/index.php\/wp-json\/wp\/v2\/posts\/6215\/revisions"}],"predecessor-version":[{"id":6221,"href":"https:\/\/zango.co.ao\/index.php\/wp-json\/wp\/v2\/posts\/6215\/revisions\/6221"}],"wp:featuredmedia":[{"embeddable":true,"href":"https:\/\/zango.co.ao\/index.php\/wp-json\/wp\/v2\/media\/6217"}],"wp:attachment":[{"href":"https:\/\/zango.co.ao\/index.php\/wp-json\/wp\/v2\/media?parent=6215"}],"wp:term":[{"taxonomy":"category","embeddable":true,"href":"https:\/\/zango.co.ao\/index.php\/wp-json\/wp\/v2\/categories?post=6215"},{"taxonomy":"post_tag","embeddable":true,"href":"https:\/\/zango.co.ao\/index.php\/wp-json\/wp\/v2\/tags?post=6215"}],"curies":[{"name":"wp","href":"https:\/\/api.w.org\/{rel}","templated":true}]}}