{"id":6523,"date":"2025-07-04T10:57:53","date_gmt":"2025-07-04T10:57:53","guid":{"rendered":"https:\/\/zango.co.ao\/?p=6523"},"modified":"2025-07-04T10:57:56","modified_gmt":"2025-07-04T10:57:56","slug":"presidente-joao-lourenco-confirmado-na-euroafrican-forum-em-lisboa","status":"publish","type":"post","link":"https:\/\/zango.co.ao\/index.php\/2025\/07\/04\/presidente-joao-lourenco-confirmado-na-euroafrican-forum-em-lisboa\/","title":{"rendered":"Presidente Jo\u00e3o Louren\u00e7o Confirmado na EuroAfrican F\u00f3rum em Lisboa"},"content":{"rendered":"\n<p>O Presidente da Rep\u00fablica de Angola, Jo\u00e3o Louren\u00e7o, est\u00e1 oficialmente confirmado como orador de destaque no EuroAfrican Forum 2025, em Lisboa. <\/p>\n\n\n\n<p>O chefe de Estado angolano protagonizar\u00e1 a aguardada \u201cConversa de Presidentes\u201d ao lado do Presidente da Rep\u00fablica Portuguesa, Marcelo Rebelo de Sousa, numa sess\u00e3o que promete marcar a edi\u00e7\u00e3o deste ano do prestigiado f\u00f3rum.<\/p>\n\n\n\n<figure class=\"wp-block-image size-full\"><img fetchpriority=\"high\" decoding=\"async\" width=\"700\" height=\"467\" src=\"https:\/\/zango.co.ao\/wp-content\/uploads\/2025\/07\/1000339089.jpg\" alt=\"\" class=\"wp-image-6526\" srcset=\"https:\/\/zango.co.ao\/wp-content\/uploads\/2025\/07\/1000339089.jpg 700w, https:\/\/zango.co.ao\/wp-content\/uploads\/2025\/07\/1000339089-300x200.jpg 300w, https:\/\/zango.co.ao\/wp-content\/uploads\/2025\/07\/1000339089-332x222.jpg 332w\" sizes=\"(max-width: 700px) 100vw, 700px\" \/><\/figure>\n\n\n\n<p>O EuroAfrican F\u00f3rum re\u00fane anualmente l\u00edderes pol\u00edticos, empresariais e da sociedade civil para refor\u00e7ar as pontes entre a Europa e \u00c1frica, promovendo uma agenda comum de progresso econ\u00f3mico, inova\u00e7\u00e3o e coopera\u00e7\u00e3o sustent\u00e1vel. Em 2025, o evento assume especial relev\u00e2ncia no contexto das transforma\u00e7\u00f5es geopol\u00edticas e econ\u00f3micas que atravessam os dois continentes.<\/p>\n\n\n\n<p>A presen\u00e7a de Jo\u00e3o Louren\u00e7o, que lidera Angola desde 2017, sinaliza o refor\u00e7o do compromisso do pa\u00eds com uma abordagem multilateral e estrat\u00e9gica na sua rela\u00e7\u00e3o com a Europa. <\/p>\n\n\n\n<p>A participa\u00e7\u00e3o na \u201cConversa de Presidentes\u201d com Marcelo Rebelo de Sousa representa n\u00e3o s\u00f3 um momento simb\u00f3lico de amizade luso-angolana, mas tamb\u00e9m uma oportunidade para discutir o futuro das rela\u00e7\u00f5es euro-africanas sob uma perspetiva de lideran\u00e7a e parceria.<\/p>\n\n\n\n<p>O EuroAfrican F\u00f3rum 2025 acontecer\u00e1 em Lisboa nos dias 25 e 26 de Julho, reunindo centenas de participantes de alto n\u00edvel, entre os quais governantes, empres\u00e1rios, jovens empreendedores e l\u00edderes de opini\u00e3o de ambas as margens do Mediterr\u00e2neo.<\/p>\n\n\n\n<p>Sob o lema \u201cTransformar o amanh\u00e3: construir parcerias globais para alcan\u00e7ar a Agenda 2063\u201d, a iniciativa do Conselho da Di\u00e1spora Portuguesa coloca Portugal no centro do di\u00e1logo entre os dois continentes.<\/p>\n\n\n\n<p>Do lado angolano estar\u00e3o presentes os ministros das Telecomunica\u00e7\u00f5es, M\u00e1rio Augusto Oliveira, e o dos Transportes , Ricardo Viegas d`Abreu e a embaixadora da Uni\u00e3o Europeia em Angola, Ros\u00e1rio Bento Pais, para al\u00e9m do presidente da Funda\u00e7\u00e3o Aga Khan, Mohamed Azzim.<\/p>\n\n\n\n<p>Esta oitava edi\u00e7\u00e3o do EuroAfrican F\u00f3rum re\u00fane l\u00edderes de v\u00e1rias organiza\u00e7\u00f5es europeias e africanas em nove debates tem\u00e1ticos sobre Com\u00e9rcio e Investimento, Seguran\u00e7a Energ\u00e9tica, Mercados Globais, Tecnologia, Resili\u00eancia das Infra-estruturas, Institui\u00e7\u00f5es Financeiras, Ecossistemas de Startups, Geopol\u00edtica e Pol\u00edticas para o Progresso.<\/p>\n\n\n\n<p>A \u201cConversa de Presidentes\u201d com Jo\u00e3o Louren\u00e7o e Marcelo Rebelo de Sousa fecha o evento e ser\u00e1, sem d\u00favidas, um dos momentos mais esperados do programa.<\/p>\n\n\n\n<p><\/p>\n","protected":false},"excerpt":{"rendered":"<p>O Presidente da Rep\u00fablica de Angola, Jo\u00e3o Louren\u00e7o, est\u00e1 oficialmente confirmado como orador de destaque no EuroAfrican Forum 2025, em Lisboa. O chefe de Estado angolano protagonizar\u00e1 a aguardada \u201cConversa [&hellip;]<\/p>\n","protected":false},"author":8,"featured_media":6527,"comment_status":"open","ping_status":"open","sticky":false,"template":"","format":"standard","meta":{"_acf_changed":false,"om_disable_all_campaigns":false,"_monsterinsights_skip_tracking":false,"_monsterinsights_sitenote_active":false,"_monsterinsights_sitenote_note":"","_monsterinsights_sitenote_category":0,"_uf_show_specific_survey":0,"_uf_disable_surveys":false,"footnotes":""},"categories":[343],"tags":[],"class_list":["post-6523","post","type-post","status-publish","format-standard","has-post-thumbnail","hentry","category-mundo"],"acf":[],"aioseo_notices":[],"_links":{"self":[{"href":"https:\/\/zango.co.ao\/index.php\/wp-json\/wp\/v2\/posts\/6523","targetHints":{"allow":["GET"]}}],"collection":[{"href":"https:\/\/zango.co.ao\/index.php\/wp-json\/wp\/v2\/posts"}],"about":[{"href":"https:\/\/zango.co.ao\/index.php\/wp-json\/wp\/v2\/types\/post"}],"author":[{"embeddable":true,"href":"https:\/\/zango.co.ao\/index.php\/wp-json\/wp\/v2\/users\/8"}],"replies":[{"embeddable":true,"href":"https:\/\/zango.co.ao\/index.php\/wp-json\/wp\/v2\/comments?post=6523"}],"version-history":[{"count":3,"href":"https:\/\/zango.co.ao\/index.php\/wp-json\/wp\/v2\/posts\/6523\/revisions"}],"predecessor-version":[{"id":6528,"href":"https:\/\/zango.co.ao\/index.php\/wp-json\/wp\/v2\/posts\/6523\/revisions\/6528"}],"wp:featuredmedia":[{"embeddable":true,"href":"https:\/\/zango.co.ao\/index.php\/wp-json\/wp\/v2\/media\/6527"}],"wp:attachment":[{"href":"https:\/\/zango.co.ao\/index.php\/wp-json\/wp\/v2\/media?parent=6523"}],"wp:term":[{"taxonomy":"category","embeddable":true,"href":"https:\/\/zango.co.ao\/index.php\/wp-json\/wp\/v2\/categories?post=6523"},{"taxonomy":"post_tag","embeddable":true,"href":"https:\/\/zango.co.ao\/index.php\/wp-json\/wp\/v2\/tags?post=6523"}],"curies":[{"name":"wp","href":"https:\/\/api.w.org\/{rel}","templated":true}]}}