{"id":6941,"date":"2025-07-25T13:38:23","date_gmt":"2025-07-25T13:38:23","guid":{"rendered":"https:\/\/zango.co.ao\/?p=6941"},"modified":"2025-07-25T13:38:25","modified_gmt":"2025-07-25T13:38:25","slug":"secretario-geral-da-onu-lamenta-saida-dos-estados-unidos-da-america-da-unesco","status":"publish","type":"post","link":"https:\/\/zango.co.ao\/index.php\/2025\/07\/25\/secretario-geral-da-onu-lamenta-saida-dos-estados-unidos-da-america-da-unesco\/","title":{"rendered":"Secret\u00e1rio Geral da ONU Lamenta Sa\u00edda dos Estados Unidos da Am\u00e9rica da UNESCO"},"content":{"rendered":"\n<p>O secret\u00e1rio-geral das Na\u00e7\u00f5es Unidas, Ant\u00f3nio Guterres, lamentou profundamente, na passada ter\u00e7a-feira, 22 de Julho, a decis\u00e3o dos Estados Unidos da Am\u00e9rica de se retirarem da Organiza\u00e7\u00e3o das Na\u00e7\u00f5es Unidas para a Educa\u00e7\u00e3o, Ci\u00eancia e Cultura (UNESCO), mas garantiu que tal medida n\u00e3o comprometer\u00e1 a miss\u00e3o nem o trabalho cont\u00ednuo da institui\u00e7\u00e3o.<\/p>\n\n\n\n<p>&#8220;A decis\u00e3o dos Estados Unidos de se retirarem, mais uma vez, da UNESCO \u00e9 profundamente lament\u00e1vel&#8221;, afirmou o porta-voz de Guterres, St\u00e9phane Dujarric, durante a confer\u00eancia de imprensa di\u00e1ria, em Nova Iorque.<\/p>\n\n\n\n<p>Guterres expressou ainda o seu total apoio \u00e0 directora-geral da UNESCO, Audrey Azoulay, subscrevendo o comunicado emitido pela sede da organiza\u00e7\u00e3o, em Paris, onde se real\u00e7a que a UNESCO \u201cduplicou os seus esfor\u00e7os para actuar onde a miss\u00e3o do organismo possa contribuir para a paz\u201d.<\/p>\n\n\n\n<p>O secret\u00e1rio-geral reafirmou o compromisso das Na\u00e7\u00f5es Unidas com os valores e objectivos da UNESCO, sublinhando que a organiza\u00e7\u00e3o continuar\u00e1 a desempenhar um papel essencial na promo\u00e7\u00e3o da educa\u00e7\u00e3o, da cultura, da ci\u00eancia e da coopera\u00e7\u00e3o internacional.<\/p>\n\n\n\n<p>A decis\u00e3o norte-americana, cujos motivos n\u00e3o foram detalhados publicamente at\u00e9 ao momento, reacende tens\u00f5es diplom\u00e1ticas e coloca em causa projectos conjuntos que vinham sendo retomados ap\u00f3s o regresso dos EUA \u00e0 organiza\u00e7\u00e3o em 2023, ap\u00f3s um hiato de cinco anos.<\/p>\n\n\n\n<p>A primeira sa\u00edda ocorreu em 1984, durante a administra\u00e7\u00e3o de Ronald Reagan, e a segunda em 2017, sob o mandato de Donald Trump, alegando um suposto vi\u00e9s anti-israelita por parte da organiza\u00e7\u00e3o.<\/p>\n\n\n\n<p>A UNESCO, criada em 1945, \u00e9 uma das ag\u00eancias especializadas mais emblem\u00e1ticas do sistema das Na\u00e7\u00f5es Unidas, sendo respons\u00e1vel por coordenar esfor\u00e7os globais nas \u00e1reas da educa\u00e7\u00e3o, ci\u00eancia, cultura e comunica\u00e7\u00e3o, bem como pela protec\u00e7\u00e3o do patrim\u00f3nio cultural mundial.<\/p>\n","protected":false},"excerpt":{"rendered":"<p>O secret\u00e1rio-geral das Na\u00e7\u00f5es Unidas, Ant\u00f3nio Guterres, lamentou profundamente, na passada ter\u00e7a-feira, 22 de Julho, a decis\u00e3o dos Estados Unidos da Am\u00e9rica de se retirarem da Organiza\u00e7\u00e3o das Na\u00e7\u00f5es Unidas [&hellip;]<\/p>\n","protected":false},"author":16,"featured_media":0,"comment_status":"open","ping_status":"open","sticky":false,"template":"","format":"standard","meta":{"_acf_changed":false,"om_disable_all_campaigns":false,"_monsterinsights_skip_tracking":false,"_monsterinsights_sitenote_active":false,"_monsterinsights_sitenote_note":"","_monsterinsights_sitenote_category":0,"_uf_show_specific_survey":0,"_uf_disable_surveys":false,"footnotes":""},"categories":[1],"tags":[],"class_list":["post-6941","post","type-post","status-publish","format-standard","hentry","category-especial"],"acf":[],"aioseo_notices":[],"_links":{"self":[{"href":"https:\/\/zango.co.ao\/index.php\/wp-json\/wp\/v2\/posts\/6941","targetHints":{"allow":["GET"]}}],"collection":[{"href":"https:\/\/zango.co.ao\/index.php\/wp-json\/wp\/v2\/posts"}],"about":[{"href":"https:\/\/zango.co.ao\/index.php\/wp-json\/wp\/v2\/types\/post"}],"author":[{"embeddable":true,"href":"https:\/\/zango.co.ao\/index.php\/wp-json\/wp\/v2\/users\/16"}],"replies":[{"embeddable":true,"href":"https:\/\/zango.co.ao\/index.php\/wp-json\/wp\/v2\/comments?post=6941"}],"version-history":[{"count":3,"href":"https:\/\/zango.co.ao\/index.php\/wp-json\/wp\/v2\/posts\/6941\/revisions"}],"predecessor-version":[{"id":6945,"href":"https:\/\/zango.co.ao\/index.php\/wp-json\/wp\/v2\/posts\/6941\/revisions\/6945"}],"wp:attachment":[{"href":"https:\/\/zango.co.ao\/index.php\/wp-json\/wp\/v2\/media?parent=6941"}],"wp:term":[{"taxonomy":"category","embeddable":true,"href":"https:\/\/zango.co.ao\/index.php\/wp-json\/wp\/v2\/categories?post=6941"},{"taxonomy":"post_tag","embeddable":true,"href":"https:\/\/zango.co.ao\/index.php\/wp-json\/wp\/v2\/tags?post=6941"}],"curies":[{"name":"wp","href":"https:\/\/api.w.org\/{rel}","templated":true}]}}