{"id":7367,"date":"2025-08-18T13:01:00","date_gmt":"2025-08-18T13:01:00","guid":{"rendered":"https:\/\/zango.co.ao\/?p=7367"},"modified":"2025-08-18T14:21:24","modified_gmt":"2025-08-18T14:21:24","slug":"z-fm-assinala-primeiro-aniversario-com-feira-que-promove-negocios","status":"publish","type":"post","link":"https:\/\/zango.co.ao\/index.php\/2025\/08\/18\/z-fm-assinala-primeiro-aniversario-com-feira-que-promove-negocios\/","title":{"rendered":"Z FM Assinala Primeiro Anivers\u00e1rio com Feira que Promove Neg\u00f3cios"},"content":{"rendered":"\n<p>A R\u00e1dio Zango FM, que emite na frequ\u00eancia 98.1 fm, celebrou na sexta-feira, 15, o seu primeiro anivers\u00e1rio com uma feira dedicada \u00e0 promo\u00e7\u00e3o de neg\u00f3cios e investimentos, na centralidade do Kilamba, em Luanda.<\/p>\n\n\n\n<p>O evento, que decorreu durante tr\u00eas dias, reuniu expositores de pequenas, m\u00e9dias e grandes empresas, e contou com a presen\u00e7a de visitantes vindos de v\u00e1rios pontos da capital, bem como de figuras distintas, como o administrador adjunto do Kilamba para a \u00e1rea pol\u00edtica, Andr\u00e9 Chioco, a directora da \u00e1rea social da administra\u00e7\u00e3o do Kilamba, Carla Louren\u00e7o e os l\u00edderes tradicionais, N&#8217;gana Sanguyandala soberano do Ndongo e N&#8217;Gana Kuluachingo, soberano da baixa de Cassange .<\/p>\n\n\n\n<p>Com o objectivo de fomentar o investimento e dar maior visibilidade \u00e0s empresas, a feira serviu tamb\u00e9m como plataforma para a cria\u00e7\u00e3o de parcerias e troca de experi\u00eancias.<\/p>\n\n\n\n<figure class=\"wp-block-image size-large is-resized\"><img fetchpriority=\"high\" decoding=\"async\" width=\"1024\" height=\"576\" src=\"https:\/\/zango.co.ao\/wp-content\/uploads\/2025\/08\/WhatsApp-Image-2025-08-18-at-10.04.12-1024x576.jpeg\" alt=\"\" class=\"wp-image-7370\" style=\"width:571px;height:auto\" srcset=\"https:\/\/zango.co.ao\/wp-content\/uploads\/2025\/08\/WhatsApp-Image-2025-08-18-at-10.04.12-1024x576.jpeg 1024w, https:\/\/zango.co.ao\/wp-content\/uploads\/2025\/08\/WhatsApp-Image-2025-08-18-at-10.04.12-300x169.jpeg 300w, https:\/\/zango.co.ao\/wp-content\/uploads\/2025\/08\/WhatsApp-Image-2025-08-18-at-10.04.12-768x432.jpeg 768w, https:\/\/zango.co.ao\/wp-content\/uploads\/2025\/08\/WhatsApp-Image-2025-08-18-at-10.04.12-524x295.jpeg 524w, https:\/\/zango.co.ao\/wp-content\/uploads\/2025\/08\/WhatsApp-Image-2025-08-18-at-10.04.12-1100x619.jpeg 1100w, https:\/\/zango.co.ao\/wp-content\/uploads\/2025\/08\/WhatsApp-Image-2025-08-18-at-10.04.12-716x403.jpeg 716w, https:\/\/zango.co.ao\/wp-content\/uploads\/2025\/08\/WhatsApp-Image-2025-08-18-at-10.04.12-820x461.jpeg 820w, https:\/\/zango.co.ao\/wp-content\/uploads\/2025\/08\/WhatsApp-Image-2025-08-18-at-10.04.12.jpeg 1280w\" sizes=\"(max-width: 1024px) 100vw, 1024px\" \/><\/figure>\n\n\n\n<p>O momento ficou ainda marcado por uma programa\u00e7\u00e3o especial, com representa\u00e7\u00f5es culturais, desfile de moda e actua\u00e7\u00f5es musicais. O cantor Tot\u00f3 ST interpretou alguns dos seus maiores sucessos, levando o p\u00fablico ao del\u00edrio.<\/p>\n\n\n\n<p>O director da ZFM, Miguel Manuel, destacou a abordagem inovadora da r\u00e1dio e a forte audi\u00eancia conquistada em apenas um ano de emiss\u00e3o, sem incluir pol\u00edtica na sua grelha de programa\u00e7\u00e3o.<\/p>\n\n\n\n<p>\u201cA pol\u00edtica faz parte das nossas vidas, mas a comunica\u00e7\u00e3o social n\u00e3o precisa sobreviver s\u00f3 de pol\u00edtica. A nossa pol\u00edtica \u00e9 fazer cultura\u201d, afirmou.<\/p>\n\n\n\n<figure class=\"wp-block-image size-large is-resized\"><img decoding=\"async\" src=\"https:\/\/zango.co.ao\/wp-content\/uploads\/2025\/08\/WhatsApp-Image-2025-08-18-at-10.04.11-1024x576.jpeg\" alt=\"\" class=\"wp-image-7371\" style=\"width:573px;height:auto\"\/><\/figure>\n\n\n\n<p>O respons\u00e1vel sublinhou ainda que o programa &#8220;Conversa Africana&#8221;, como l\u00edder de audi\u00eancia na ZFM, tanto no pa\u00eds como na di\u00e1spora, por abordar com profundidade temas como antropologia, hist\u00f3ria africana e religi\u00e3o, sem tabus algo que, segundo ele, \u201cleva os ouvintes a sugerirem a cria\u00e7\u00e3o de uma escola\u201d.<\/p>\n\n\n\n<p>Miguel Manuel fez um balan\u00e7o positivo dos tr\u00eas dias de actividade e refor\u00e7ou o compromisso de continuar a investir na melhoria da qualidade do sinal, na forma\u00e7\u00e3o cont\u00ednua de jovens apaixonados pelo jornalismo e na expans\u00e3o da r\u00e1dio.<\/p>\n\n\n\n<p>Com foco em Educa\u00e7\u00e3o, Desenvolvimento e Cultura, a ZFM marca um passo significativo na valoriza\u00e7\u00e3o da cultura africana, estimulando o estudo da ancestralidade e proporcionando entretenimento e aprendizado atrav\u00e9s dos seus programas.<\/p>\n\n\n\n<figure class=\"wp-block-gallery has-nested-images columns-default is-cropped wp-block-gallery-1 is-layout-flex wp-block-gallery-is-layout-flex\">\n<figure class=\"wp-block-image size-large\"><img decoding=\"async\" data-id=\"7331\" src=\"https:\/\/zango.co.ao\/wp-content\/uploads\/2025\/08\/WhatsApp-Image-2025-08-15-at-11.27.11-1024x768.jpeg\" alt=\"\" class=\"wp-image-7331\"\/><\/figure>\n\n\n\n<figure class=\"wp-block-image size-large\"><img decoding=\"async\" data-id=\"7335\" src=\"https:\/\/zango.co.ao\/wp-content\/uploads\/2025\/08\/WhatsApp-Image-2025-08-15-at-11.27.09-1-1024x768.jpeg\" alt=\"\" class=\"wp-image-7335\"\/><\/figure>\n\n\n\n<figure class=\"wp-block-image size-large\"><img decoding=\"async\" data-id=\"7338\" src=\"https:\/\/zango.co.ao\/wp-content\/uploads\/2025\/08\/WhatsApp-Image-2025-08-15-at-11.27.09-1024x768.jpeg\" alt=\"\" class=\"wp-image-7338\"\/><\/figure>\n\n\n\n<figure class=\"wp-block-image size-large\"><img decoding=\"async\" data-id=\"7372\" src=\"https:\/\/zango.co.ao\/wp-content\/uploads\/2025\/08\/WhatsApp-Image-2025-08-18-at-10.04.13-1024x576.jpeg\" alt=\"\" class=\"wp-image-7372\"\/><\/figure>\n<\/figure>\n","protected":false},"excerpt":{"rendered":"<p>A R\u00e1dio Zango FM, que emite na frequ\u00eancia 98.1 fm, celebrou na sexta-feira, 15, o seu primeiro anivers\u00e1rio com uma feira dedicada \u00e0 promo\u00e7\u00e3o de neg\u00f3cios e investimentos, na centralidade [&hellip;]<\/p>\n","protected":false},"author":8,"featured_media":0,"comment_status":"open","ping_status":"open","sticky":false,"template":"","format":"standard","meta":{"_acf_changed":false,"om_disable_all_campaigns":false,"_monsterinsights_skip_tracking":false,"_monsterinsights_sitenote_active":false,"_monsterinsights_sitenote_note":"","_monsterinsights_sitenote_category":0,"_uf_show_specific_survey":0,"_uf_disable_surveys":false,"footnotes":""},"categories":[1],"tags":[],"class_list":["post-7367","post","type-post","status-publish","format-standard","hentry","category-especial"],"acf":[],"aioseo_notices":[],"_links":{"self":[{"href":"https:\/\/zango.co.ao\/index.php\/wp-json\/wp\/v2\/posts\/7367","targetHints":{"allow":["GET"]}}],"collection":[{"href":"https:\/\/zango.co.ao\/index.php\/wp-json\/wp\/v2\/posts"}],"about":[{"href":"https:\/\/zango.co.ao\/index.php\/wp-json\/wp\/v2\/types\/post"}],"author":[{"embeddable":true,"href":"https:\/\/zango.co.ao\/index.php\/wp-json\/wp\/v2\/users\/8"}],"replies":[{"embeddable":true,"href":"https:\/\/zango.co.ao\/index.php\/wp-json\/wp\/v2\/comments?post=7367"}],"version-history":[{"count":4,"href":"https:\/\/zango.co.ao\/index.php\/wp-json\/wp\/v2\/posts\/7367\/revisions"}],"predecessor-version":[{"id":7379,"href":"https:\/\/zango.co.ao\/index.php\/wp-json\/wp\/v2\/posts\/7367\/revisions\/7379"}],"wp:attachment":[{"href":"https:\/\/zango.co.ao\/index.php\/wp-json\/wp\/v2\/media?parent=7367"}],"wp:term":[{"taxonomy":"category","embeddable":true,"href":"https:\/\/zango.co.ao\/index.php\/wp-json\/wp\/v2\/categories?post=7367"},{"taxonomy":"post_tag","embeddable":true,"href":"https:\/\/zango.co.ao\/index.php\/wp-json\/wp\/v2\/tags?post=7367"}],"curies":[{"name":"wp","href":"https:\/\/api.w.org\/{rel}","templated":true}]}}