{"id":7375,"date":"2025-08-18T15:01:00","date_gmt":"2025-08-18T15:01:00","guid":{"rendered":"https:\/\/zango.co.ao\/?p=7375"},"modified":"2025-08-18T14:19:29","modified_gmt":"2025-08-18T14:19:29","slug":"cabinda-prepara-condicoes-para-a-inauguracao-no-proximo-mes-da-primeira-fase-da-refinaria","status":"publish","type":"post","link":"https:\/\/zango.co.ao\/index.php\/2025\/08\/18\/cabinda-prepara-condicoes-para-a-inauguracao-no-proximo-mes-da-primeira-fase-da-refinaria\/","title":{"rendered":"Cabinda Prepara Condi\u00e7\u00f5es para a Inaugura\u00e7\u00e3o no Pr\u00f3ximo M\u00eas da Primeira Fase da Refinaria"},"content":{"rendered":"\n<p>A prov\u00edncia de Cabinda est\u00e1 a preparar as condi\u00e7\u00f5es para a inaugura\u00e7\u00e3o, em Setembro, da primeira fase da refinaria local, um projecto considerado estrat\u00e9gico para reduzir a depend\u00eancia de Angola da importa\u00e7\u00e3o de derivados do petr\u00f3leo.<\/p>\n\n\n\n<p>O an\u00fancio foi feito pelo Presidente da Rep\u00fablica, Jo\u00e3o Louren\u00e7o, que destacou a import\u00e2ncia da infra-estrutura para a economia nacional e para a diversifica\u00e7\u00e3o da cadeia de valor do sector petrol\u00edfero.<\/p>\n\n\n\n<p>Para assegurar o arranque da obra, a governadora de Cabinda, Suzana de Abreu, reuniu-se recentemente, no pal\u00e1cio provincial, com o Secret\u00e1rio de Estado para os Petr\u00f3leos e G\u00e1s, Jos\u00e9 Barroso, o presidente do Conselho de Administra\u00e7\u00e3o da Sonangol e representantes da empresa GEMCORP, promotora do empreendimento.<\/p>\n\n\n\n<figure class=\"wp-block-image size-full is-resized\"><img fetchpriority=\"high\" decoding=\"async\" width=\"1000\" height=\"640\" src=\"https:\/\/zango.co.ao\/wp-content\/uploads\/2025\/08\/WhatsApp-Image-2025-08-18-at-13.21.52.jpeg\" alt=\"\" class=\"wp-image-7377\" style=\"width:600px;height:auto\" srcset=\"https:\/\/zango.co.ao\/wp-content\/uploads\/2025\/08\/WhatsApp-Image-2025-08-18-at-13.21.52.jpeg 1000w, https:\/\/zango.co.ao\/wp-content\/uploads\/2025\/08\/WhatsApp-Image-2025-08-18-at-13.21.52-300x192.jpeg 300w, https:\/\/zango.co.ao\/wp-content\/uploads\/2025\/08\/WhatsApp-Image-2025-08-18-at-13.21.52-768x492.jpeg 768w, https:\/\/zango.co.ao\/wp-content\/uploads\/2025\/08\/WhatsApp-Image-2025-08-18-at-13.21.52-716x458.jpeg 716w, https:\/\/zango.co.ao\/wp-content\/uploads\/2025\/08\/WhatsApp-Image-2025-08-18-at-13.21.52-820x525.jpeg 820w\" sizes=\"(max-width: 1000px) 100vw, 1000px\" \/><\/figure>\n\n\n\n<p>Falando \u00e0 imprensa ap\u00f3s o encontro, Suzana de Abreu sublinhou que a reuni\u00e3o serviu para \u201ctrabalhar directamente com a dire\u00e7\u00e3o da refinaria, averiguar todos os procedimentos e preparar as condi\u00e7\u00f5es inerentes \u00e0 inaugura\u00e7\u00e3o, conforme foi anunciado pelo Presidente da Rep\u00fablica\u201d.<\/p>\n\n\n\n<p>O projecto da refinaria de Cabinda integra-se no plano governamental de aumento da capacidade nacional de refina\u00e7\u00e3o e visa responder \u00e0 crescente procura interna por combust\u00edveis, contribuindo igualmente para a estabiliza\u00e7\u00e3o dos pre\u00e7os e redu\u00e7\u00e3o da factura de importa\u00e7\u00e3o.<\/p>\n","protected":false},"excerpt":{"rendered":"<p>A prov\u00edncia de Cabinda est\u00e1 a preparar as condi\u00e7\u00f5es para a inaugura\u00e7\u00e3o, em Setembro, da primeira fase da refinaria local, um projecto considerado estrat\u00e9gico para reduzir a depend\u00eancia de Angola [&hellip;]<\/p>\n","protected":false},"author":8,"featured_media":7376,"comment_status":"open","ping_status":"open","sticky":false,"template":"","format":"standard","meta":{"_acf_changed":false,"om_disable_all_campaigns":false,"_monsterinsights_skip_tracking":false,"_monsterinsights_sitenote_active":false,"_monsterinsights_sitenote_note":"","_monsterinsights_sitenote_category":0,"_uf_show_specific_survey":0,"_uf_disable_surveys":false,"footnotes":""},"categories":[1],"tags":[],"class_list":["post-7375","post","type-post","status-publish","format-standard","has-post-thumbnail","hentry","category-especial"],"acf":[],"aioseo_notices":[],"_links":{"self":[{"href":"https:\/\/zango.co.ao\/index.php\/wp-json\/wp\/v2\/posts\/7375","targetHints":{"allow":["GET"]}}],"collection":[{"href":"https:\/\/zango.co.ao\/index.php\/wp-json\/wp\/v2\/posts"}],"about":[{"href":"https:\/\/zango.co.ao\/index.php\/wp-json\/wp\/v2\/types\/post"}],"author":[{"embeddable":true,"href":"https:\/\/zango.co.ao\/index.php\/wp-json\/wp\/v2\/users\/8"}],"replies":[{"embeddable":true,"href":"https:\/\/zango.co.ao\/index.php\/wp-json\/wp\/v2\/comments?post=7375"}],"version-history":[{"count":1,"href":"https:\/\/zango.co.ao\/index.php\/wp-json\/wp\/v2\/posts\/7375\/revisions"}],"predecessor-version":[{"id":7378,"href":"https:\/\/zango.co.ao\/index.php\/wp-json\/wp\/v2\/posts\/7375\/revisions\/7378"}],"wp:featuredmedia":[{"embeddable":true,"href":"https:\/\/zango.co.ao\/index.php\/wp-json\/wp\/v2\/media\/7376"}],"wp:attachment":[{"href":"https:\/\/zango.co.ao\/index.php\/wp-json\/wp\/v2\/media?parent=7375"}],"wp:term":[{"taxonomy":"category","embeddable":true,"href":"https:\/\/zango.co.ao\/index.php\/wp-json\/wp\/v2\/categories?post=7375"},{"taxonomy":"post_tag","embeddable":true,"href":"https:\/\/zango.co.ao\/index.php\/wp-json\/wp\/v2\/tags?post=7375"}],"curies":[{"name":"wp","href":"https:\/\/api.w.org\/{rel}","templated":true}]}}