{"id":7785,"date":"2025-09-05T09:58:36","date_gmt":"2025-09-05T09:58:36","guid":{"rendered":"https:\/\/zango.co.ao\/?p=7785"},"modified":"2025-09-05T09:58:37","modified_gmt":"2025-09-05T09:58:37","slug":"executivo-lanca-programa-para-reduzir-os-acidentes-rodoviarios","status":"publish","type":"post","link":"https:\/\/zango.co.ao\/index.php\/2025\/09\/05\/executivo-lanca-programa-para-reduzir-os-acidentes-rodoviarios\/","title":{"rendered":"Executivo Lan\u00e7a Programa para Reduzir os Acidentes Rodovi\u00e1rios"},"content":{"rendered":"\n<p>O Minist\u00e9rio do Interior vai lan\u00e7ar, nos pr\u00f3ximos dias, um programa de preven\u00e7\u00e3o rodovi\u00e1ria, denominado &#8220;Estradas sem mortes&#8221;, com o objectivo de reduzir o n\u00famero alarmante de acidentes rodovi\u00e1rios no pa\u00eds, com foco no refor\u00e7o das medidas policiais, visando melhorar a preven\u00e7\u00e3o rodovi\u00e1ria.<\/p>\n\n\n\n<p>A informa\u00e7\u00e3o consta do comunicado de imprensa da II Reuni\u00e3o Extraordin\u00e1ria do Conselho Nacional de Via\u00e7\u00e3o e Ordenamento do Tr\u00e2nsito, realizada ontem, em Luanda, sob orienta\u00e7\u00e3o da Vice-Presidente da Rep\u00fablica, Esperan\u00e7a da Costa.<\/p>\n\n\n\n<p>Segundo o documento, o programa prop\u00f5e aumentar at\u00e9 70 por cento a fiscaliza\u00e7\u00e3o e penaliza\u00e7\u00e3o das infrac\u00e7\u00f5es por inobserv\u00e2ncia ao C\u00f3digo de Estrada, reduzir em at\u00e9 20 por cento o n\u00famero de acidentes com v\u00edtimas mortais e feridos, intensificar a fiscaliza\u00e7\u00e3o de acidentes em \u00e1reas urbanas e desenvolver mais ac\u00e7\u00f5es de consciencializa\u00e7\u00e3o e educa\u00e7\u00e3o dos condutores e pe\u00f5es.<\/p>\n\n\n\n<p>Em declara\u00e7\u00f5es \u00e0 imprensa, o ministro do Interior, Manuel Homem, disse que as estat\u00edsticas continuam a apontar para os acidentes como a segunda causa de morte no pa\u00eds, depois da mal\u00e1ria, facto preocupante que levou aquele departamento ministerial a lan\u00e7ar o programa que visa criar condi\u00e7\u00f5es para o refor\u00e7o da sensibiliza\u00e7\u00e3o dos automobilistas e pe\u00f5es.<\/p>\n\n\n\n<figure class=\"wp-block-image size-full is-resized\"><img decoding=\"async\" src=\"https:\/\/zango.co.ao\/wp-content\/uploads\/2025\/09\/SINISTRALIDADE.png\" alt=\"\" class=\"wp-image-7788\" style=\"width:549px;height:auto\"\/><\/figure>\n\n\n\n<p>&#8220;\u00c9 um programa transversal, no qual iremos envolver outros departamentos ministeriais e governos provinciais, com o objectivo de refor\u00e7ar a fiscaliza\u00e7\u00e3o, a inspec\u00e7\u00e3o, a reavalia\u00e7\u00e3o dos exames de condu\u00e7\u00e3o e, tamb\u00e9m, o refor\u00e7o das medidas de fiscaliza\u00e7\u00e3o rodovi\u00e1ria um pouco por todo o pa\u00eds&#8221;, referiu.<\/p>\n\n\n\n<p>Durante o primeiro semestre deste ano, foram registadas nas estradas nacionais  mil e 482 mortes, representando uma redu\u00e7\u00e3o de quatro por cento, e oito mil e 582 feridos, que perfaz uma redu\u00e7\u00e3o de 0,1 por cento.<\/p>\n\n\n\n<p>Segundo dados divulgados ontem durante a reuni\u00e3o, foram ainda registados mais de seis mil acidentes, o que representa uma redu\u00e7\u00e3o de um por cento.<\/p>\n\n\n\n<p>A faixa et\u00e1ria mais afectada por acidentes rodovi\u00e1rios, no per\u00edodo em an\u00e1lise, \u00e9 dos 36 aos 45 anos, com destaque para o sexo masculino, com 57 por cento de v\u00edtimas mortais e 52 por cento de feridos.<\/p>\n\n\n\n<p>A prov\u00edncia de Luanda, por possuir o maior parque autom\u00f3vel e congregar o maior n\u00famero de habitantes, registou mais de mil acidentes, seguida da prov\u00edncia da Hu\u00edla com 565, Huambo com 484, U\u00edge com 395, Benguela com 351, e a prov\u00edncia do Zaire com 350 acidentes.<\/p>\n\n\n\n<p>Entre as prov\u00edncias com menos casos de sinistralidade rodovi\u00e1ria, est\u00e3o o Cuando, Moxico-Leste e o Cubango. <\/p>\n\n\n\n<p>O Conselho de Via\u00e7\u00e3o e Ordenamento do Tr\u00e2nsito apreciou, igualmente, a Proposta de Regulamento referente ao Tempo de Condu\u00e7\u00e3o, Repouso e Velocidade, que vai, em breve, ao Conselho de Ministros.<br><\/p>\n","protected":false},"excerpt":{"rendered":"<p>O Minist\u00e9rio do Interior vai lan\u00e7ar, nos pr\u00f3ximos dias, um programa de preven\u00e7\u00e3o rodovi\u00e1ria, denominado &#8220;Estradas sem mortes&#8221;, com o objectivo de reduzir o n\u00famero alarmante de acidentes rodovi\u00e1rios no [&hellip;]<\/p>\n","protected":false},"author":8,"featured_media":0,"comment_status":"open","ping_status":"open","sticky":false,"template":"","format":"standard","meta":{"_acf_changed":false,"om_disable_all_campaigns":false,"_monsterinsights_skip_tracking":false,"_monsterinsights_sitenote_active":false,"_monsterinsights_sitenote_note":"","_monsterinsights_sitenote_category":0,"_uf_show_specific_survey":0,"_uf_disable_surveys":false,"footnotes":""},"categories":[648],"tags":[],"class_list":["post-7785","post","type-post","status-publish","format-standard","hentry","category-governo-2"],"acf":[],"aioseo_notices":[],"_links":{"self":[{"href":"https:\/\/zango.co.ao\/index.php\/wp-json\/wp\/v2\/posts\/7785","targetHints":{"allow":["GET"]}}],"collection":[{"href":"https:\/\/zango.co.ao\/index.php\/wp-json\/wp\/v2\/posts"}],"about":[{"href":"https:\/\/zango.co.ao\/index.php\/wp-json\/wp\/v2\/types\/post"}],"author":[{"embeddable":true,"href":"https:\/\/zango.co.ao\/index.php\/wp-json\/wp\/v2\/users\/8"}],"replies":[{"embeddable":true,"href":"https:\/\/zango.co.ao\/index.php\/wp-json\/wp\/v2\/comments?post=7785"}],"version-history":[{"count":2,"href":"https:\/\/zango.co.ao\/index.php\/wp-json\/wp\/v2\/posts\/7785\/revisions"}],"predecessor-version":[{"id":7789,"href":"https:\/\/zango.co.ao\/index.php\/wp-json\/wp\/v2\/posts\/7785\/revisions\/7789"}],"wp:attachment":[{"href":"https:\/\/zango.co.ao\/index.php\/wp-json\/wp\/v2\/media?parent=7785"}],"wp:term":[{"taxonomy":"category","embeddable":true,"href":"https:\/\/zango.co.ao\/index.php\/wp-json\/wp\/v2\/categories?post=7785"},{"taxonomy":"post_tag","embeddable":true,"href":"https:\/\/zango.co.ao\/index.php\/wp-json\/wp\/v2\/tags?post=7785"}],"curies":[{"name":"wp","href":"https:\/\/api.w.org\/{rel}","templated":true}]}}