{"id":8527,"date":"2025-10-09T15:01:00","date_gmt":"2025-10-09T15:01:00","guid":{"rendered":"https:\/\/zango.co.ao\/?p=8527"},"modified":"2025-10-09T13:35:50","modified_gmt":"2025-10-09T13:35:50","slug":"etiopia-lanca-plataforma-de-midia-pan-africana-para-reforcar-narrativas-sobre-continente-no-cenario-global","status":"publish","type":"post","link":"https:\/\/zango.co.ao\/index.php\/2025\/10\/09\/etiopia-lanca-plataforma-de-midia-pan-africana-para-reforcar-narrativas-sobre-continente-no-cenario-global\/","title":{"rendered":"Eti\u00f3pia Lan\u00e7a Plataforma de M\u00eddia Pan-africana para Refor\u00e7ar Narrativas sobre Continente no Cen\u00e1rio Global"},"content":{"rendered":"\n<p>O Primeiro-ministro da Eti\u00f3pia, Abiy Ahmed, procedeu nesta ter\u00e7a-feira (7) ao lan\u00e7amento da Pulse of Africa (POA), uma nova plataforma de comunica\u00e7\u00e3o pan-africana.<\/p>\n\n\n\n<p>O projecto \u00e9 considerado um marco para a reformula\u00e7\u00e3o da narrativa global sobre o continente africano e o fortalecimento das vozes africanas na m\u00eddia internacional. A iniciativa  oferece uma plataforma unificadora que promove as perspectivas africanas e impulsiona a integra\u00e7\u00e3o regional. <\/p>\n\n\n\n<p>A POA tamb\u00e9m pretende destacar as conquistas, os desafios e as aspira\u00e7\u00f5es do continente a partir de um ponto de vista africano.<\/p>\n\n\n\n<p>A proposta da POA foi inicialmente apresentada pelo pr\u00f3prio Primeiro-ministro da Eti\u00f3pia durante a 35\u00aa Sess\u00e3o Ordin\u00e1ria da Assembleia da Uni\u00e3o Africana, em 2022.   <\/p>\n\n\n\n<figure class=\"wp-block-image size-large\"><img decoding=\"async\" src=\"https:\/\/zango.co.ao\/wp-content\/uploads\/2025\/10\/1000520588-1024x682.jpg\" alt=\"\" class=\"wp-image-8531\"\/><\/figure>\n\n\n\n<p>A nova plataforma marca um passo importante para combater as representa\u00e7\u00f5es negativas da m\u00eddia sobre a \u00c1frica e afirmar a ag\u00eancia na forma\u00e7\u00e3o das nossas pr\u00f3prias narrativas. <\/p>\n\n\n\n<p>Abiy Ahmed tamb\u00e9m enfatizou que apesar do vasto potencial do continente, \u201ca \u00c1frica tem sido retratada por muito tempo como menor e menos capaz do que realmente \u00e9\u201d. <\/p>\n\n\n\n<p>Segundo o Primeiro-ministro, o lan\u00e7amento ainda representa um passo estrat\u00e9gico para reconstruir a imagem e ampliar a influ\u00eancia africana no cen\u00e1rio global da informa\u00e7\u00e3o. <\/p>\n\n\n\n<p>Em meio a uma transforma\u00e7\u00e3o econ\u00f3mica significativa, o continente africano est\u00e1 no caminho para se tornar uma grande pot\u00eancia industrial e um actor global fundamental.<\/p>\n","protected":false},"excerpt":{"rendered":"<p>O Primeiro-ministro da Eti\u00f3pia, Abiy Ahmed, procedeu nesta ter\u00e7a-feira (7) ao lan\u00e7amento da Pulse of Africa (POA), uma nova plataforma de comunica\u00e7\u00e3o pan-africana. O projecto \u00e9 considerado um marco para [&hellip;]<\/p>\n","protected":false},"author":8,"featured_media":0,"comment_status":"open","ping_status":"open","sticky":false,"template":"","format":"standard","meta":{"_acf_changed":false,"om_disable_all_campaigns":false,"_monsterinsights_skip_tracking":false,"_monsterinsights_sitenote_active":false,"_monsterinsights_sitenote_note":"","_monsterinsights_sitenote_category":0,"_uf_show_specific_survey":0,"_uf_disable_surveys":false,"footnotes":""},"categories":[342],"tags":[],"class_list":["post-8527","post","type-post","status-publish","format-standard","hentry","category-africa"],"acf":[],"aioseo_notices":[],"_links":{"self":[{"href":"https:\/\/zango.co.ao\/index.php\/wp-json\/wp\/v2\/posts\/8527","targetHints":{"allow":["GET"]}}],"collection":[{"href":"https:\/\/zango.co.ao\/index.php\/wp-json\/wp\/v2\/posts"}],"about":[{"href":"https:\/\/zango.co.ao\/index.php\/wp-json\/wp\/v2\/types\/post"}],"author":[{"embeddable":true,"href":"https:\/\/zango.co.ao\/index.php\/wp-json\/wp\/v2\/users\/8"}],"replies":[{"embeddable":true,"href":"https:\/\/zango.co.ao\/index.php\/wp-json\/wp\/v2\/comments?post=8527"}],"version-history":[{"count":3,"href":"https:\/\/zango.co.ao\/index.php\/wp-json\/wp\/v2\/posts\/8527\/revisions"}],"predecessor-version":[{"id":8533,"href":"https:\/\/zango.co.ao\/index.php\/wp-json\/wp\/v2\/posts\/8527\/revisions\/8533"}],"wp:attachment":[{"href":"https:\/\/zango.co.ao\/index.php\/wp-json\/wp\/v2\/media?parent=8527"}],"wp:term":[{"taxonomy":"category","embeddable":true,"href":"https:\/\/zango.co.ao\/index.php\/wp-json\/wp\/v2\/categories?post=8527"},{"taxonomy":"post_tag","embeddable":true,"href":"https:\/\/zango.co.ao\/index.php\/wp-json\/wp\/v2\/tags?post=8527"}],"curies":[{"name":"wp","href":"https:\/\/api.w.org\/{rel}","templated":true}]}}