{"id":8628,"date":"2025-10-13T17:50:27","date_gmt":"2025-10-13T17:50:27","guid":{"rendered":"https:\/\/zango.co.ao\/?p=8628"},"modified":"2025-10-20T10:42:55","modified_gmt":"2025-10-20T10:42:55","slug":"angola-participa-nas-reunioes-anuais-do-banco-mundial-e-fundo-monetario-internacional","status":"publish","type":"post","link":"https:\/\/zango.co.ao\/index.php\/2025\/10\/13\/angola-participa-nas-reunioes-anuais-do-banco-mundial-e-fundo-monetario-internacional\/","title":{"rendered":"Angola Participa nas Reuni\u00f5es Anuais do Banco Mundial e Fundo Monet\u00e1rio Internacional"},"content":{"rendered":"\n<p>A comitiva angolana \u00e9 liderada pelo ministro do Planeamento, Victor Hugo Guilherme, \u00e9 composta ainda pelo secret\u00e1rio de Estado para as Finan\u00e7as e Tesouro, Ottoniel dos Santos, pelo governador do Banco Nacional de Angola, Tiago Dias, e pelo director-adjunto da Unidade de Gest\u00e3o da D\u00edvida, Wanilson Rangel.<\/p>\n\n\n\n<p>O encontro re\u00fane figuras de destaque da esfera econ\u00f3mica e financeira mundial, em v\u00e1rias sess\u00f5es de alto n\u00edvel dirigidas a ministros das Finan\u00e7as e governadores de bancos centrais.<\/p>\n\n\n\n<p>Durante o evento, a delega\u00e7\u00e3o angolana participar\u00e1 numa reuni\u00e3o com o Country Team do Banco Mundial, com o prop\u00f3sito de avaliar o progresso da carteira de projectos financiada pela institui\u00e7\u00e3o e dar continuidade \u00e0 revis\u00e3o conjunta realizada a 5 e 6 de Agosto, incluindo a an\u00e1lise sobre a cria\u00e7\u00e3o da Unidade Central de Investimento Privado.<\/p>\n\n\n\n<figure class=\"wp-block-image size-full\"><img fetchpriority=\"high\" decoding=\"async\" width=\"1024\" height=\"768\" src=\"https:\/\/zango.co.ao\/wp-content\/uploads\/2025\/10\/1000529312.jpg\" alt=\"\" class=\"wp-image-8633\" srcset=\"https:\/\/zango.co.ao\/wp-content\/uploads\/2025\/10\/1000529312.jpg 1024w, https:\/\/zango.co.ao\/wp-content\/uploads\/2025\/10\/1000529312-300x225.jpg 300w, https:\/\/zango.co.ao\/wp-content\/uploads\/2025\/10\/1000529312-768x576.jpg 768w, https:\/\/zango.co.ao\/wp-content\/uploads\/2025\/10\/1000529312-716x537.jpg 716w, https:\/\/zango.co.ao\/wp-content\/uploads\/2025\/10\/1000529312-820x615.jpg 820w\" sizes=\"(max-width: 1024px) 100vw, 1024px\" \/><\/figure>\n\n\n\n<p>Est\u00e1 igualmente prevista a presen\u00e7a na reuni\u00e3o do Caucus Africano com o presidente do Banco Mundial, bem como no encontro de Ministros e Governadores do G24, que abordar\u00e1 o tema \u201cRefor\u00e7ar a Resili\u00eancia Interna num Mundo Propenso a Choques\u201d.<\/p>\n\n\n\n<p>A comitiva integrar\u00e1 ainda uma sess\u00e3o restrita dedicada aos Pa\u00edses da \u00c1frica Austral e Oriental mais expostos a choques clim\u00e1ticos, centrada na tem\u00e1tica \u201cProteger os Meios de Subsist\u00eancia e Empregos com Solu\u00e7\u00f5es de Financiamento Escal\u00e1veis e Seguros contra Riscos de Cat\u00e1strofes em \u00c1frica\u201d.<\/p>\n\n\n\n<figure class=\"wp-block-image size-large\"><img decoding=\"async\" width=\"1024\" height=\"768\" src=\"https:\/\/zango.co.ao\/wp-content\/uploads\/2025\/10\/1000529311-1024x768.jpg\" alt=\"\" class=\"wp-image-8634\" srcset=\"https:\/\/zango.co.ao\/wp-content\/uploads\/2025\/10\/1000529311-1024x768.jpg 1024w, https:\/\/zango.co.ao\/wp-content\/uploads\/2025\/10\/1000529311-300x225.jpg 300w, https:\/\/zango.co.ao\/wp-content\/uploads\/2025\/10\/1000529311-768x576.jpg 768w, https:\/\/zango.co.ao\/wp-content\/uploads\/2025\/10\/1000529311-716x537.jpg 716w, https:\/\/zango.co.ao\/wp-content\/uploads\/2025\/10\/1000529311-820x615.jpg 820w, https:\/\/zango.co.ao\/wp-content\/uploads\/2025\/10\/1000529311.jpg 1280w\" sizes=\"(max-width: 1024px) 100vw, 1024px\" \/><\/figure>\n\n\n\n<p>A agenda de trabalhos inclui tamb\u00e9m discuss\u00f5es sobre o financiamento de projectos de infra-estrutura e g\u00e1s em desenvolvimento, como o projecto ferrovi\u00e1rio Luena\u2013Saurimo e o projecto do cabo Cabinda\u2013Soyo.<\/p>\n\n\n\n<p>Ao longo das jornadas, os representantes angolanos manter\u00e3o encontros com os Administradores da International Finance Corporation (IFC) respons\u00e1veis pela regi\u00e3o africana, com o objectivo de analisar as opera\u00e7\u00f5es da institui\u00e7\u00e3o em Angola e explorar novas oportunidades de coopera\u00e7\u00e3o.<\/p>\n\n\n\n<p>Os membros da delega\u00e7\u00e3o estar\u00e3o divididos por \u00e1reas tem\u00e1ticas e participar\u00e3o em semin\u00e1rios, mesas-redondas e pain\u00e9is de debate sobre diversos assuntos de interesse comum.<\/p>\n","protected":false},"excerpt":{"rendered":"<p>A comitiva angolana \u00e9 liderada pelo ministro do Planeamento, Victor Hugo Guilherme, \u00e9 composta ainda pelo secret\u00e1rio de Estado para as Finan\u00e7as e Tesouro, Ottoniel dos Santos, pelo governador do [&hellip;]<\/p>\n","protected":false},"author":16,"featured_media":8631,"comment_status":"open","ping_status":"open","sticky":false,"template":"","format":"standard","meta":{"_acf_changed":false,"om_disable_all_campaigns":false,"_monsterinsights_skip_tracking":false,"_monsterinsights_sitenote_active":false,"_monsterinsights_sitenote_note":"","_monsterinsights_sitenote_category":0,"_uf_show_specific_survey":0,"_uf_disable_surveys":false,"footnotes":""},"categories":[342,1],"tags":[],"class_list":["post-8628","post","type-post","status-publish","format-standard","has-post-thumbnail","hentry","category-africa","category-especial"],"acf":[],"aioseo_notices":[],"_links":{"self":[{"href":"https:\/\/zango.co.ao\/index.php\/wp-json\/wp\/v2\/posts\/8628","targetHints":{"allow":["GET"]}}],"collection":[{"href":"https:\/\/zango.co.ao\/index.php\/wp-json\/wp\/v2\/posts"}],"about":[{"href":"https:\/\/zango.co.ao\/index.php\/wp-json\/wp\/v2\/types\/post"}],"author":[{"embeddable":true,"href":"https:\/\/zango.co.ao\/index.php\/wp-json\/wp\/v2\/users\/16"}],"replies":[{"embeddable":true,"href":"https:\/\/zango.co.ao\/index.php\/wp-json\/wp\/v2\/comments?post=8628"}],"version-history":[{"count":4,"href":"https:\/\/zango.co.ao\/index.php\/wp-json\/wp\/v2\/posts\/8628\/revisions"}],"predecessor-version":[{"id":8635,"href":"https:\/\/zango.co.ao\/index.php\/wp-json\/wp\/v2\/posts\/8628\/revisions\/8635"}],"wp:featuredmedia":[{"embeddable":true,"href":"https:\/\/zango.co.ao\/index.php\/wp-json\/wp\/v2\/media\/8631"}],"wp:attachment":[{"href":"https:\/\/zango.co.ao\/index.php\/wp-json\/wp\/v2\/media?parent=8628"}],"wp:term":[{"taxonomy":"category","embeddable":true,"href":"https:\/\/zango.co.ao\/index.php\/wp-json\/wp\/v2\/categories?post=8628"},{"taxonomy":"post_tag","embeddable":true,"href":"https:\/\/zango.co.ao\/index.php\/wp-json\/wp\/v2\/tags?post=8628"}],"curies":[{"name":"wp","href":"https:\/\/api.w.org\/{rel}","templated":true}]}}