{"id":8719,"date":"2025-10-16T11:10:20","date_gmt":"2025-10-16T11:10:20","guid":{"rendered":"https:\/\/zango.co.ao\/?p=8719"},"modified":"2025-10-16T11:10:22","modified_gmt":"2025-10-16T11:10:22","slug":"militares-anunciam-tomada-do-poder-apos-destituicao-do-presidente-em-madagascar","status":"publish","type":"post","link":"https:\/\/zango.co.ao\/index.php\/2025\/10\/16\/militares-anunciam-tomada-do-poder-apos-destituicao-do-presidente-em-madagascar\/","title":{"rendered":"Militares Anunciam Tomada do Poder Ap\u00f3s Destitui\u00e7\u00e3o do Presidente em Madag\u00e1scar"},"content":{"rendered":"\n<p>Os militares no Madag\u00e1scar anunciaram, na ter\u00e7a-feira, a tomada do poder, um dia ap\u00f3s a destitui\u00e7\u00e3o do presidente Andry Rajoelina, na sequ\u00eancia de semanas de intensos protestos populares contra o Governo.<\/p>\n\n\n\n<p>A ac\u00e7\u00e3o levou a Uni\u00e3o Africana (UA) a suspender o pa\u00eds de todos os seus \u00f3rg\u00e3os \u201cat\u00e9 que a ordem constitucional seja restaurada\u201d.<\/p>\n\n\n\n<p>O movimento foi liderado pelo coronel Micka\u00ebl Randrianirina, comandante da unidade de elite Corpo de Administra\u00e7\u00e3o de Pessoal e Servi\u00e7os do Ex\u00e9rcito Terrestre (CAPSAT), a mesma que ajudou Rajoelina a chegar ao poder.<\/p>\n\n\n\n<p> Desta vez, por\u00e9m, Randrianirina e os seus soldados aderiram \u00e0s manifesta\u00e7\u00f5es populares, exigindo a sa\u00edda do chefe de Estado.<\/p>\n\n\n\n<p>Em comunicado divulgado nas redes sociais por uma esta\u00e7\u00e3o de televis\u00e3o estatal, os governantes militares informaram que Randrianirina ser\u00e1 empossado como Presidente no pr\u00f3ximo 17 de Outubro, durante uma cerim\u00f3nia solene no Tribunal Constitucional. <\/p>\n\n\n\n<p>O l\u00edder do golpe adiantou ainda que a nova administra\u00e7\u00e3o nomear\u00e1 brevemente um primeiro-ministro para formar Governo, sem, contudo, definir um prazo.<\/p>\n\n\n\n<figure class=\"wp-block-image size-full\"><img fetchpriority=\"high\" decoding=\"async\" width=\"900\" height=\"505\" src=\"https:\/\/zango.co.ao\/wp-content\/uploads\/2025\/10\/IMG-20251013-WA0023.jpg\" alt=\"\" class=\"wp-image-8599\" srcset=\"https:\/\/zango.co.ao\/wp-content\/uploads\/2025\/10\/IMG-20251013-WA0023.jpg 900w, https:\/\/zango.co.ao\/wp-content\/uploads\/2025\/10\/IMG-20251013-WA0023-300x168.jpg 300w, https:\/\/zango.co.ao\/wp-content\/uploads\/2025\/10\/IMG-20251013-WA0023-768x431.jpg 768w, https:\/\/zango.co.ao\/wp-content\/uploads\/2025\/10\/IMG-20251013-WA0023-524x295.jpg 524w, https:\/\/zango.co.ao\/wp-content\/uploads\/2025\/10\/IMG-20251013-WA0023-716x402.jpg 716w, https:\/\/zango.co.ao\/wp-content\/uploads\/2025\/10\/IMG-20251013-WA0023-820x460.jpg 820w\" sizes=\"(max-width: 900px) 100vw, 900px\" \/><\/figure>\n\n\n\n<p>O presidente Andry Rajoelina, que se encontrava no poder desde 2018, afirmou ter fugido para um local seguro ap\u00f3s a rebeli\u00e3o, justificando o gesto com o receio pela sua vida. <\/p>\n\n\n\n<p>O ex-chefe de Estado denunciou o movimento como uma \u201ctentativa ilegal de golpe\u201d conduzida por uma fac\u00e7a\u0303o rebelde das for\u00e7as armadas.<\/p>\n\n\n\n<p>Na v\u00e9spera, Rajoelina havia dissolvido a Assembleia Nacional na tentativa de impedir a sua destitui\u00e7\u00e3o, mas 130 dos 163 deputados votaram a favor da sua demiss\u00e3o, superando a maioria qualificada de dois ter\u00e7os exigida pela Constitui\u00e7\u00e3o.<\/p>\n\n\n\n<p>Segundo o Banco Mundial, cerca de 75 por cento dos 30 milh\u00f5es de habitantes do pa\u00eds vivem em situa\u00e7\u00e3o de pobreza. A corrup\u00e7\u00e3o, o custo de vida elevado e a falta de acesso \u00e0 educa\u00e7\u00e3o superior est\u00e3o entre as causas que alimentaram a contesta\u00e7\u00e3o social.<\/p>\n\n\n\n<p>A Uni\u00e3o Africana, que j\u00e1 suspendeu outros pa\u00edses ap\u00f3s golpes militares, como Mali, Burkina Faso e Guin\u00e9, apelou ao regresso \u00e0 legalidade constitucional e ao respeito pelos princ\u00edpios democr\u00e1ticos no arquip\u00e9lago do Oceano \u00cdndico.<\/p>\n","protected":false},"excerpt":{"rendered":"<p>Os militares no Madag\u00e1scar anunciaram, na ter\u00e7a-feira, a tomada do poder, um dia ap\u00f3s a destitui\u00e7\u00e3o do presidente Andry Rajoelina, na sequ\u00eancia de semanas de intensos protestos populares contra o [&hellip;]<\/p>\n","protected":false},"author":8,"featured_media":8600,"comment_status":"open","ping_status":"open","sticky":false,"template":"","format":"standard","meta":{"_acf_changed":false,"om_disable_all_campaigns":false,"_monsterinsights_skip_tracking":false,"_monsterinsights_sitenote_active":false,"_monsterinsights_sitenote_note":"","_monsterinsights_sitenote_category":0,"_uf_show_specific_survey":0,"_uf_disable_surveys":false,"footnotes":""},"categories":[342],"tags":[],"class_list":["post-8719","post","type-post","status-publish","format-standard","has-post-thumbnail","hentry","category-africa"],"acf":[],"aioseo_notices":[],"_links":{"self":[{"href":"https:\/\/zango.co.ao\/index.php\/wp-json\/wp\/v2\/posts\/8719","targetHints":{"allow":["GET"]}}],"collection":[{"href":"https:\/\/zango.co.ao\/index.php\/wp-json\/wp\/v2\/posts"}],"about":[{"href":"https:\/\/zango.co.ao\/index.php\/wp-json\/wp\/v2\/types\/post"}],"author":[{"embeddable":true,"href":"https:\/\/zango.co.ao\/index.php\/wp-json\/wp\/v2\/users\/8"}],"replies":[{"embeddable":true,"href":"https:\/\/zango.co.ao\/index.php\/wp-json\/wp\/v2\/comments?post=8719"}],"version-history":[{"count":3,"href":"https:\/\/zango.co.ao\/index.php\/wp-json\/wp\/v2\/posts\/8719\/revisions"}],"predecessor-version":[{"id":8722,"href":"https:\/\/zango.co.ao\/index.php\/wp-json\/wp\/v2\/posts\/8719\/revisions\/8722"}],"wp:featuredmedia":[{"embeddable":true,"href":"https:\/\/zango.co.ao\/index.php\/wp-json\/wp\/v2\/media\/8600"}],"wp:attachment":[{"href":"https:\/\/zango.co.ao\/index.php\/wp-json\/wp\/v2\/media?parent=8719"}],"wp:term":[{"taxonomy":"category","embeddable":true,"href":"https:\/\/zango.co.ao\/index.php\/wp-json\/wp\/v2\/categories?post=8719"},{"taxonomy":"post_tag","embeddable":true,"href":"https:\/\/zango.co.ao\/index.php\/wp-json\/wp\/v2\/tags?post=8719"}],"curies":[{"name":"wp","href":"https:\/\/api.w.org\/{rel}","templated":true}]}}