{"id":9209,"date":"2025-11-11T17:03:00","date_gmt":"2025-11-11T17:03:00","guid":{"rendered":"https:\/\/zango.co.ao\/?p=9209"},"modified":"2025-11-11T16:34:30","modified_gmt":"2025-11-11T16:34:30","slug":"praca-da-republica-acolhe-acto-central-das-comemoracoes-dos-50-anos-da-independencia-nacional","status":"publish","type":"post","link":"https:\/\/zango.co.ao\/index.php\/2025\/11\/11\/praca-da-republica-acolhe-acto-central-das-comemoracoes-dos-50-anos-da-independencia-nacional\/","title":{"rendered":"Pra\u00e7a da Rep\u00fablica Acolhe Acto Central das Comemora\u00e7oes dos 50 anos da Independ\u00eancia Nacional"},"content":{"rendered":"\n<p>A Pra\u00e7a da Rep\u00fablica na nova marginal de Luanda acolheu hoje o evento que marcou a celebra\u00e7\u00e3o dos 50 anos da Independ\u00eancia Nacional e contou com mais de dez mil pessoas entre Chefes de Estados e de Governo, membros da sociedade civil e demais delega\u00e7\u00f5es.<\/p>\n\n\n\n<p>O encontro serviu, ainda, para homenagear o Primeiro Presidente de Angola, Ant\u00f3nio Agostinho Neto, com a medalha comemorativa dos 50 anos da Independ\u00eancia Nacional, na classe de honra.<\/p>\n\n\n\n<p>Na ocasi\u00e3o, o Chefe de Estado proferiu um discurso \u00e0 Na\u00e7\u00e3o, onde destacou o percurso hist\u00f3rico, as conquistas e o desafios do pa\u00eds.<\/p>\n\n\n\n<figure class=\"wp-block-image size-large is-resized\"><img fetchpriority=\"high\" decoding=\"async\" width=\"1024\" height=\"683\" src=\"https:\/\/zango.co.ao\/wp-content\/uploads\/2025\/11\/6262007_imagem-1024x683.jpeg\" alt=\"\" class=\"wp-image-9210\" style=\"width:638px;height:auto\" srcset=\"https:\/\/zango.co.ao\/wp-content\/uploads\/2025\/11\/6262007_imagem-1024x683.jpeg 1024w, https:\/\/zango.co.ao\/wp-content\/uploads\/2025\/11\/6262007_imagem-300x200.jpeg 300w, https:\/\/zango.co.ao\/wp-content\/uploads\/2025\/11\/6262007_imagem-768x512.jpeg 768w, https:\/\/zango.co.ao\/wp-content\/uploads\/2025\/11\/6262007_imagem-1536x1024.jpeg 1536w, https:\/\/zango.co.ao\/wp-content\/uploads\/2025\/11\/6262007_imagem-2048x1365.jpeg 2048w, https:\/\/zango.co.ao\/wp-content\/uploads\/2025\/11\/6262007_imagem-716x477.jpeg 716w, https:\/\/zango.co.ao\/wp-content\/uploads\/2025\/11\/6262007_imagem-332x222.jpeg 332w, https:\/\/zango.co.ao\/wp-content\/uploads\/2025\/11\/6262007_imagem-820x547.jpeg 820w, https:\/\/zango.co.ao\/wp-content\/uploads\/2025\/11\/6262007_imagem-1320x880.jpeg 1320w\" sizes=\"(max-width: 1024px) 100vw, 1024px\" \/><\/figure>\n\n\n\n<p>Presidente Jo\u00e3o Louren\u00e7o, ao discursar no acto central de comemora\u00e7\u00e3o dos 50 anos da Independ\u00eancia Nacional, que decorreu na Pra\u00e7a da Rep\u00fablica fez um apelo aos angolanos. \u201cApelo a todos os angolanos para trabalharmos juntos na consolida\u00e7\u00e3o do nosso bem-estar econ\u00f3mico e social. Este deve ser o nosso foco\u201d, assinalou.<\/p>\n\n\n\n<p>O Presidente da Rep\u00fablica deu uma volta ao mundo numa viagem pelas guerras e conflitos que assolam o mundo, juntando a sua voz aos que apelam ao fim dos conflitos que assolam v\u00e1rias regi\u00f5es do mundo.<\/p>\n\n\n\n<p>Depois desta volta ao mundo, Jo\u00e3o Louren\u00e7o, focou-se em Angola para apelar aos angolanos que se envolvam no desenvolvimento econ\u00f3mico do pa\u00eds, sem \u201cquerelas partid\u00e1rias\u201d.<\/p>\n\n\n\n<p>Seguiram-se depois os desfiles civil e militar, momentos amplamente aplaudidos pelos convidados.<\/p>\n\n\n\n<p><strong>Desfile civil contou a hist\u00f3ria de Angola antes e depois da Independ\u00eancia<\/strong><\/p>\n\n\n\n<p>Cinco grupos civis desfilaram no acto central do Dia da Independ\u00eancia, que decorre na Pra\u00e7a da Rep\u00fablica, em Luanda.<\/p>\n\n\n\n<p>Os grupos, em curto espa\u00e7o de tempo, representaram e contaram a hist\u00f3ria do pa\u00eds antes e depois do alcance da independ\u00eancia nacional.<\/p>\n\n\n\n<figure class=\"wp-block-image size-large is-resized\"><img decoding=\"async\" width=\"1024\" height=\"682\" src=\"https:\/\/zango.co.ao\/wp-content\/uploads\/2025\/11\/6262022_imagem-1024x682.jpeg\" alt=\"\" class=\"wp-image-9211\" style=\"width:566px;height:auto\" srcset=\"https:\/\/zango.co.ao\/wp-content\/uploads\/2025\/11\/6262022_imagem-1024x682.jpeg 1024w, https:\/\/zango.co.ao\/wp-content\/uploads\/2025\/11\/6262022_imagem-300x200.jpeg 300w, https:\/\/zango.co.ao\/wp-content\/uploads\/2025\/11\/6262022_imagem-768x512.jpeg 768w, https:\/\/zango.co.ao\/wp-content\/uploads\/2025\/11\/6262022_imagem-716x477.jpeg 716w, https:\/\/zango.co.ao\/wp-content\/uploads\/2025\/11\/6262022_imagem-332x222.jpeg 332w, https:\/\/zango.co.ao\/wp-content\/uploads\/2025\/11\/6262022_imagem-820x546.jpeg 820w, https:\/\/zango.co.ao\/wp-content\/uploads\/2025\/11\/6262022_imagem.jpeg 1280w\" sizes=\"(max-width: 1024px) 100vw, 1024px\" \/><\/figure>\n\n\n\n<p>O primeiro grupo a desfilar teve como tema principal Angola com bandeiras a balan\u00e7ar, a ins\u00edgnia e o mapa, enquanto percorreu o campo a apresentar as 21 prov\u00edncias.<\/p>\n\n\n\n<p>O segundo grupo representou a luta pela liberta\u00e7\u00e3o nacional a 4 de Fevereiro de 1961. O terceiro representou as vi\u00favas que perderam os parceiros durante o conflito armado.<\/p>\n\n\n\n<p>Por sua vez, o quarto apresentou o momento da proclama\u00e7\u00e3o da independ\u00eancia nacional a 11 de Novembro de 1975. J\u00e1 o quinto e o \u00faltimo representou os antigos combatentes e veteranos da p\u00e1tria no p\u00f3s-independ\u00eancia.<\/p>\n\n\n\n<p>A Educa\u00e7\u00e3o, a Sa\u00fade, o Desporto, a Comunica\u00e7\u00e3o Social, a Cultura Nacional e a Religi\u00e3o como sectores de desenvolvimento em solo nacional tamb\u00e9m estiveram em evid\u00eancia no desfile.<\/p>\n\n\n\n<p><strong>Desfile Militar exp\u00f5e seguran\u00e7a e soberania na Pra\u00e7a da Rep\u00fablica<\/strong><\/p>\n\n\n\n<p>Os v\u00e1rios ramos das for\u00e7as de defesa e seguran\u00e7a desfilaram, esta ter\u00e7a-feira, na Pra\u00e7a da Rep\u00fablica, em Luanda, para assinalar os 50 anos da Independ\u00eancia Nacional, que se celebra hoje.<\/p>\n\n\n\n<p>No acto desfilaram 17 companhias dos tr\u00eas ramos das For\u00e7as Armadas Angolanas e da Pol\u00edcia Nacional de Angola comandados pelo tenente-general Am\u00edlcar Eug\u00e9nio.<\/p>\n\n\n\n<figure class=\"wp-block-image size-large is-resized\"><img decoding=\"async\" width=\"1024\" height=\"768\" src=\"https:\/\/zango.co.ao\/wp-content\/uploads\/2025\/11\/6262037_imagem-1024x768.jpeg\" alt=\"\" class=\"wp-image-9212\" style=\"width:540px;height:auto\" srcset=\"https:\/\/zango.co.ao\/wp-content\/uploads\/2025\/11\/6262037_imagem-1024x768.jpeg 1024w, https:\/\/zango.co.ao\/wp-content\/uploads\/2025\/11\/6262037_imagem-300x225.jpeg 300w, https:\/\/zango.co.ao\/wp-content\/uploads\/2025\/11\/6262037_imagem-768x576.jpeg 768w, https:\/\/zango.co.ao\/wp-content\/uploads\/2025\/11\/6262037_imagem-716x537.jpeg 716w, https:\/\/zango.co.ao\/wp-content\/uploads\/2025\/11\/6262037_imagem-820x615.jpeg 820w, https:\/\/zango.co.ao\/wp-content\/uploads\/2025\/11\/6262037_imagem.jpeg 1280w\" sizes=\"(max-width: 1024px) 100vw, 1024px\" \/><\/figure>\n\n\n\n<p>O momento, que se revestiu de grande simbolismo, serviu para apresentar as for\u00e7as, meios de defesa e seguran\u00e7a que garantem a soberania e integralidade territorial.<\/p>\n\n\n\n<p>O desfile militar teve ainda como objectivo apresentar o estado de organiza\u00e7\u00e3o, disciplinar e da coes\u00e3o das For\u00e7as Armadas Angolanas e da Pol\u00edcia Nacional de Angola, numa clara demonstra\u00e7\u00e3o humana e t\u00e9cnico-material.<\/p>\n\n\n\n<p>No final da cerim\u00f3nia, o Chefe de Estado do Congo Brazzaville, Dennis Sassou Nguesso, foi condecorado, hoje, na classe de honra, pelo Presidente da Rep\u00fablica, Jo\u00e3o Louren\u00e7o, no \u00e2mbito das comemora\u00e7\u00f5es dos 50 anos da Independ\u00eancia Nacional.<\/p>\n\n\n\n<p><\/p>\n","protected":false},"excerpt":{"rendered":"<p>A Pra\u00e7a da Rep\u00fablica na nova marginal de Luanda acolheu hoje o evento que marcou a celebra\u00e7\u00e3o dos 50 anos da Independ\u00eancia Nacional e contou com mais de dez mil [&hellip;]<\/p>\n","protected":false},"author":8,"featured_media":9205,"comment_status":"open","ping_status":"open","sticky":false,"template":"","format":"standard","meta":{"_acf_changed":false,"om_disable_all_campaigns":false,"_monsterinsights_skip_tracking":false,"_monsterinsights_sitenote_active":false,"_monsterinsights_sitenote_note":"","_monsterinsights_sitenote_category":0,"_uf_show_specific_survey":0,"_uf_disable_surveys":false,"footnotes":""},"categories":[1],"tags":[],"class_list":["post-9209","post","type-post","status-publish","format-standard","has-post-thumbnail","hentry","category-especial"],"acf":[],"aioseo_notices":[],"_links":{"self":[{"href":"https:\/\/zango.co.ao\/index.php\/wp-json\/wp\/v2\/posts\/9209","targetHints":{"allow":["GET"]}}],"collection":[{"href":"https:\/\/zango.co.ao\/index.php\/wp-json\/wp\/v2\/posts"}],"about":[{"href":"https:\/\/zango.co.ao\/index.php\/wp-json\/wp\/v2\/types\/post"}],"author":[{"embeddable":true,"href":"https:\/\/zango.co.ao\/index.php\/wp-json\/wp\/v2\/users\/8"}],"replies":[{"embeddable":true,"href":"https:\/\/zango.co.ao\/index.php\/wp-json\/wp\/v2\/comments?post=9209"}],"version-history":[{"count":1,"href":"https:\/\/zango.co.ao\/index.php\/wp-json\/wp\/v2\/posts\/9209\/revisions"}],"predecessor-version":[{"id":9213,"href":"https:\/\/zango.co.ao\/index.php\/wp-json\/wp\/v2\/posts\/9209\/revisions\/9213"}],"wp:featuredmedia":[{"embeddable":true,"href":"https:\/\/zango.co.ao\/index.php\/wp-json\/wp\/v2\/media\/9205"}],"wp:attachment":[{"href":"https:\/\/zango.co.ao\/index.php\/wp-json\/wp\/v2\/media?parent=9209"}],"wp:term":[{"taxonomy":"category","embeddable":true,"href":"https:\/\/zango.co.ao\/index.php\/wp-json\/wp\/v2\/categories?post=9209"},{"taxonomy":"post_tag","embeddable":true,"href":"https:\/\/zango.co.ao\/index.php\/wp-json\/wp\/v2\/tags?post=9209"}],"curies":[{"name":"wp","href":"https:\/\/api.w.org\/{rel}","templated":true}]}}