{"id":940,"date":"2024-06-21T20:08:26","date_gmt":"2024-06-21T20:08:26","guid":{"rendered":"https:\/\/zango.co.ao\/?p=940"},"modified":"2024-06-21T20:08:27","modified_gmt":"2024-06-21T20:08:27","slug":"saurimo-e-o-palco-do-ngeya-festival-de-musica-e-danca-regional-leste","status":"publish","type":"post","link":"https:\/\/zango.co.ao\/index.php\/2024\/06\/21\/saurimo-e-o-palco-do-ngeya-festival-de-musica-e-danca-regional-leste\/","title":{"rendered":"Saurimo \u00e9 o palco do NGEYA, festival de m\u00fasica e dan\u00e7a regional leste"},"content":{"rendered":"\n<p>A cidade de Saurimo, prov\u00edncia da Lunda Sul, \u00e9 o palco&nbsp;&nbsp;da segunda edi\u00e7\u00e3o do Festival de M\u00fasica e Dan\u00e7a Regional Leste baptizado por NGEYA, \u201ceuforia\u201d em Tchokwe, agendado para os dias 28 e 29 deste m\u00eas.<\/p>\n\n\n\n<p>O evento vibrante e \u201cculturalmente enriquecedor\u201d, promove o resgate cultural, di\u00e1logo intercultural e constru\u00e7\u00e3o de legados para as futuras gera\u00e7\u00f5es.<\/p>\n\n\n\n<p>O festival promovido pela Sociedade Mineira de Catoca, conta com direc\u00e7\u00e3o art\u00edstica do m\u00fasico angolano Gabriel Tchiema.<\/p>\n\n\n\n<p>Em nota de imprensa, a organiza\u00e7\u00e3o sublinha que o NGEYA foi idealizado para ser uma plataforma de resgate e di\u00e1logo intercultural, \u201cunindo gera\u00e7\u00f5es e deixando um legado cultural duradouro para a juventude\u201d.\u00a0<br>No evento v\u00e3o participar grupos das prov\u00edncias da Lunda Norte, Lunda Sul e Moxico. <br>A primeira edi\u00e7\u00e3o foi realizada no ano passado na cidade do Luena, Moxico. <\/p>\n","protected":false},"excerpt":{"rendered":"<p>O festival apresenta cinco plataformas distintas, incluindo oficinas e palestras para transmitir conhecimentos ancestrais.<\/p>\n","protected":false},"author":8,"featured_media":942,"comment_status":"open","ping_status":"open","sticky":false,"template":"","format":"standard","meta":{"_acf_changed":false,"om_disable_all_campaigns":false,"_monsterinsights_skip_tracking":false,"_monsterinsights_sitenote_active":false,"_monsterinsights_sitenote_note":"","_monsterinsights_sitenote_category":0,"_uf_show_specific_survey":0,"_uf_disable_surveys":false,"footnotes":""},"categories":[9],"tags":[233,230,232,234,229],"class_list":["post-940","post","type-post","status-publish","format-standard","has-post-thumbnail","hentry","category-culture","tag-catoca","tag-cultura","tag-festival-de-musica-e-danca-regional-leste","tag-gabriel-tchiema","tag-ngeya"],"acf":[],"aioseo_notices":[],"_links":{"self":[{"href":"https:\/\/zango.co.ao\/index.php\/wp-json\/wp\/v2\/posts\/940","targetHints":{"allow":["GET"]}}],"collection":[{"href":"https:\/\/zango.co.ao\/index.php\/wp-json\/wp\/v2\/posts"}],"about":[{"href":"https:\/\/zango.co.ao\/index.php\/wp-json\/wp\/v2\/types\/post"}],"author":[{"embeddable":true,"href":"https:\/\/zango.co.ao\/index.php\/wp-json\/wp\/v2\/users\/8"}],"replies":[{"embeddable":true,"href":"https:\/\/zango.co.ao\/index.php\/wp-json\/wp\/v2\/comments?post=940"}],"version-history":[{"count":3,"href":"https:\/\/zango.co.ao\/index.php\/wp-json\/wp\/v2\/posts\/940\/revisions"}],"predecessor-version":[{"id":944,"href":"https:\/\/zango.co.ao\/index.php\/wp-json\/wp\/v2\/posts\/940\/revisions\/944"}],"wp:featuredmedia":[{"embeddable":true,"href":"https:\/\/zango.co.ao\/index.php\/wp-json\/wp\/v2\/media\/942"}],"wp:attachment":[{"href":"https:\/\/zango.co.ao\/index.php\/wp-json\/wp\/v2\/media?parent=940"}],"wp:term":[{"taxonomy":"category","embeddable":true,"href":"https:\/\/zango.co.ao\/index.php\/wp-json\/wp\/v2\/categories?post=940"},{"taxonomy":"post_tag","embeddable":true,"href":"https:\/\/zango.co.ao\/index.php\/wp-json\/wp\/v2\/tags?post=940"}],"curies":[{"name":"wp","href":"https:\/\/api.w.org\/{rel}","templated":true}]}}