{"id":9613,"date":"2025-12-08T09:46:13","date_gmt":"2025-12-08T09:46:13","guid":{"rendered":"https:\/\/zango.co.ao\/?p=9613"},"modified":"2025-12-08T09:46:16","modified_gmt":"2025-12-08T09:46:16","slug":"angolanas-destacam-se-na-conferencia-internacional-da-ciesart-em-espanha","status":"publish","type":"post","link":"https:\/\/zango.co.ao\/index.php\/2025\/12\/08\/angolanas-destacam-se-na-conferencia-internacional-da-ciesart-em-espanha\/","title":{"rendered":"Angolanas Destacam-se na Confer\u00eancia Internacional da CIESART em Espanha"},"content":{"rendered":"\n<p>Angola marcou presen\u00e7a na Confer\u00eancia anual da C\u00e2mara Internacional de Escritores e Artistas (CIESART), realizada de 4 a 8 deste m\u00eas, na C\u00e2mara Municipal de Cuenca e no Centro Cultural Miguel Cervantes, em Espanha.<\/p>\n\n\n\n<p>O encontro teve objectivo de reflectir e discutir os princ\u00edpios que fortalecem a paz mundial, a promo\u00e7\u00e3o da literatura, a preserva\u00e7\u00e3o das culturas e das l\u00ednguas nativas, a promo\u00e7\u00e3o da ci\u00eancia, a dissemina\u00e7\u00e3o de todas as artes e a uni\u00e3o das na\u00e7\u00f5es, segundo um comunicado de imprensa.<\/p>\n\n\n\n<p>Representaram Angola as escritoras, acad\u00e9micas e diplomatas, Egna Alegre de Sousa, Fernanda dos Santos de Benedito, Sandra Mainsel, S\u00edlvia da Cruz, Lenisha Baio e Luzia Oliveira, que partilharam vis\u00f5es sobre globaliza\u00e7\u00e3o, paz, comunica\u00e7\u00e3o e valores humanos num encontro que reuniu diversas culturas e na\u00e7\u00f5es.<\/p>\n\n\n\n<p>A escritora e diplomata Egna Alegre de Sousa, indicada como presidente da Comiss\u00e3o Intercontinental para o Continente Africano da CIESART, apresentou uma interven\u00e7\u00e3o centrada no trin\u00f3mio Globaliza\u00e7\u00e3o, Paz e Justi\u00e7a, defendendo uma globaliza\u00e7\u00e3o com rosto humano e alertando para o seu car\u00e1cter amb\u00edguo, sobretudo no contexto africano.<\/p>\n\n\n\n<p>Sublinhou que, embora a globaliza\u00e7\u00e3o traga oportunidades econ\u00f3micas, interc\u00e2mbio cultural e acesso a mercados globais, tamb\u00e9m imp\u00f5e desafios que exigem compromisso com a arte, a cultura e os valores civilizacionais.<\/p>\n\n\n\n<p>Para a autora, a paz \u00e9 um valor inegoci\u00e1vel e deve ser assumida como compromisso activo entre as na\u00e7\u00f5es, sendo a cultura e a arte elementos unificadores que aproximam os povos. Concluiu apelando a uma coopera\u00e7\u00e3o internacional assente na fraternidade e no respeito m\u00fatuo.<\/p>\n\n\n\n<p>Por sua vez a angolana Sandra Mainsel abordou o tema \u201cComunica\u00e7\u00e3o e Paz\u201d, destacando a comunica\u00e7\u00e3o como ess\u00eancia da vida e principal ferramenta para a constru\u00e7\u00e3o da paz. Recordou que \u201ctudo come\u00e7ou com a Palavra\u201d e defendeu que a falta ou distor\u00e7\u00e3o da comunica\u00e7\u00e3o est\u00e1 na origem de conflitos actuais, mencionando os cen\u00e1rios na Palestina e na Ucr\u00e2nia.<\/p>\n\n\n\n<p>Fernanda da Costa dos Santos de Benedito, Vice-reitora para os Assuntos Acad\u00e9micos da Universidade Agostinho Neto, destacou o papel da arte como elemento fundamental para a preserva\u00e7\u00e3o da paz e da diversidade cultural. Real\u00e7ou que grande parte das express\u00f5es art\u00edsticas nasce da palavra e da l\u00edngua, sejam estas nativas ou herdadas de processos coloniais.<\/p>\n\n\n\n<p>Defendeu a constru\u00e7\u00e3o de um \u201cmundo transcultural\u201d alicer\u00e7ado na paz e transformado pelo poder da palavra, do conhecimento e da educa\u00e7\u00e3o, esta \u00faltima considerada garante da soberania das na\u00e7\u00f5es.<\/p>\n\n\n\n<p>A diplomata S\u00edlvia da Cruz refor\u00e7ou a centralidade do ser humano em qualquer ac\u00e7\u00e3o pela paz.Sublinhou o papel de Angola na protec\u00e7\u00e3o e promo\u00e7\u00e3o da paz, lembrando que o pa\u00eds tem contribu\u00eddo de forma significativa para a estabilidade em \u00c1frica e no mundo.<\/p>\n\n\n\n<p>De acordo com a CIESART, a atribui\u00e7\u00e3o dos t\u00edtulos Doctor Honoris Causa simboliza o reconhecimento do compromisso, da dedica\u00e7\u00e3o e do impacto global destas seis personalidades, cuja actua\u00e7\u00e3o continua a elevar o nome de Angola no mundo.<\/p>\n\n\n\n<p>A CIESART \u00e9 uma organiza\u00e7\u00e3o internacional cujo nome completo \u00e9 C\u00e2mara Internacional de Escritores &amp; Artistas. \u00c9 legalmente constitu\u00edda com personalidade jur\u00eddica em v\u00e1rios pa\u00edses, principalmente na Espanha e no Peru, e com formaliza\u00e7\u00e3o prevista em Genebra (Su\u00ed\u00e7a).<\/p>\n","protected":false},"excerpt":{"rendered":"<p>Angola marcou presen\u00e7a na Confer\u00eancia anual da C\u00e2mara Internacional de Escritores e Artistas (CIESART), realizada de 4 a 8 deste m\u00eas, na C\u00e2mara Municipal de Cuenca e no Centro Cultural [&hellip;]<\/p>\n","protected":false},"author":8,"featured_media":9614,"comment_status":"open","ping_status":"open","sticky":false,"template":"","format":"standard","meta":{"_acf_changed":false,"om_disable_all_campaigns":false,"_monsterinsights_skip_tracking":false,"_monsterinsights_sitenote_active":false,"_monsterinsights_sitenote_note":"","_monsterinsights_sitenote_category":0,"_uf_show_specific_survey":0,"_uf_disable_surveys":false,"footnotes":""},"categories":[16],"tags":[],"class_list":["post-9613","post","type-post","status-publish","format-standard","has-post-thumbnail","hentry","category-sociedade"],"acf":[],"aioseo_notices":[],"_links":{"self":[{"href":"https:\/\/zango.co.ao\/index.php\/wp-json\/wp\/v2\/posts\/9613","targetHints":{"allow":["GET"]}}],"collection":[{"href":"https:\/\/zango.co.ao\/index.php\/wp-json\/wp\/v2\/posts"}],"about":[{"href":"https:\/\/zango.co.ao\/index.php\/wp-json\/wp\/v2\/types\/post"}],"author":[{"embeddable":true,"href":"https:\/\/zango.co.ao\/index.php\/wp-json\/wp\/v2\/users\/8"}],"replies":[{"embeddable":true,"href":"https:\/\/zango.co.ao\/index.php\/wp-json\/wp\/v2\/comments?post=9613"}],"version-history":[{"count":2,"href":"https:\/\/zango.co.ao\/index.php\/wp-json\/wp\/v2\/posts\/9613\/revisions"}],"predecessor-version":[{"id":9617,"href":"https:\/\/zango.co.ao\/index.php\/wp-json\/wp\/v2\/posts\/9613\/revisions\/9617"}],"wp:featuredmedia":[{"embeddable":true,"href":"https:\/\/zango.co.ao\/index.php\/wp-json\/wp\/v2\/media\/9614"}],"wp:attachment":[{"href":"https:\/\/zango.co.ao\/index.php\/wp-json\/wp\/v2\/media?parent=9613"}],"wp:term":[{"taxonomy":"category","embeddable":true,"href":"https:\/\/zango.co.ao\/index.php\/wp-json\/wp\/v2\/categories?post=9613"},{"taxonomy":"post_tag","embeddable":true,"href":"https:\/\/zango.co.ao\/index.php\/wp-json\/wp\/v2\/tags?post=9613"}],"curies":[{"name":"wp","href":"https:\/\/api.w.org\/{rel}","templated":true}]}}