{"id":9786,"date":"2025-12-22T11:03:00","date_gmt":"2025-12-22T11:03:00","guid":{"rendered":"https:\/\/zango.co.ao\/?p=9786"},"modified":"2025-12-22T11:44:35","modified_gmt":"2025-12-22T11:44:35","slug":"taag-reforca-frota-com-recepcao-do-boeing-787-dreamliner","status":"publish","type":"post","link":"https:\/\/zango.co.ao\/index.php\/2025\/12\/22\/taag-reforca-frota-com-recepcao-do-boeing-787-dreamliner\/","title":{"rendered":"TAAG Refor\u00e7a Frota com Recep\u00e7\u00e3o do Boeing 787 Dreamliner"},"content":{"rendered":"\n<p>A TAAG Linhas A\u00e9reas de Angola refor\u00e7ou recentemente a capacidade operacional com a recep\u00e7\u00e3o de mais uma aeronave de \u00faltima gera\u00e7\u00e3o, o Boeing 787-10 Dreamliner, que aterrou s\u00e1bado, no Aeroporto Internacional Dr. Ant\u00f3nio Agostinho Neto (AIAAN).<\/p>\n\n\n\n<p>Matriculada como D2-TET e baptizada com o nome de &#8220;Deolinda Rodrigues&#8221;, em homenagem \u00e0 hist\u00f3rica hero\u00edna e intelectual angolana.<\/p>\n\n\n\n<p>A nova aeronave \u00e9 o quarto equipamento modelo B787 Dreamliner a integrar a frota da companhia de bandeira, consolidando o seu processo de moderniza\u00e7\u00e3o e capacidade de expans\u00e3o da oferta de destinos internacionais. <\/p>\n\n\n\n<p>Incorporada em regime de leasing combina conforto, tecnologia avan\u00e7ada e elevada efici\u00eancia operacional dispondo de 367 lugares no total, distribu\u00eddos por 24 lugares em Classe Executiva e 343 lugares em Classe Econ\u00f3mica.<\/p>\n\n\n\n<p>A TAAG afirma, que com este marco, continua a dar passos firmes rumo \u00e0 sustentabilidade e inova\u00e7\u00e3o, consolidando a sua vis\u00e3o em posicionar-se como uma companhia a\u00e9rea de refer\u00eancia no continente africano, sustentada por uma frota moderna e refor\u00e7ando o seu compromisso de oferecer um servi\u00e7o de excel\u00eancia aos passageiros e clientes.<\/p>\n\n\n\n<p><\/p>\n","protected":false},"excerpt":{"rendered":"<p>A TAAG Linhas A\u00e9reas de Angola refor\u00e7ou recentemente a capacidade operacional com a recep\u00e7\u00e3o de mais uma aeronave de \u00faltima gera\u00e7\u00e3o, o Boeing 787-10 Dreamliner, que aterrou s\u00e1bado, no Aeroporto [&hellip;]<\/p>\n","protected":false},"author":17,"featured_media":9787,"comment_status":"open","ping_status":"open","sticky":false,"template":"","format":"standard","meta":{"_acf_changed":false,"om_disable_all_campaigns":false,"_monsterinsights_skip_tracking":false,"_monsterinsights_sitenote_active":false,"_monsterinsights_sitenote_note":"","_monsterinsights_sitenote_category":0,"_uf_show_specific_survey":0,"_uf_disable_surveys":false,"footnotes":""},"categories":[106],"tags":[],"class_list":["post-9786","post","type-post","status-publish","format-standard","has-post-thumbnail","hentry","category-negocios"],"acf":[],"aioseo_notices":[],"_links":{"self":[{"href":"https:\/\/zango.co.ao\/index.php\/wp-json\/wp\/v2\/posts\/9786","targetHints":{"allow":["GET"]}}],"collection":[{"href":"https:\/\/zango.co.ao\/index.php\/wp-json\/wp\/v2\/posts"}],"about":[{"href":"https:\/\/zango.co.ao\/index.php\/wp-json\/wp\/v2\/types\/post"}],"author":[{"embeddable":true,"href":"https:\/\/zango.co.ao\/index.php\/wp-json\/wp\/v2\/users\/17"}],"replies":[{"embeddable":true,"href":"https:\/\/zango.co.ao\/index.php\/wp-json\/wp\/v2\/comments?post=9786"}],"version-history":[{"count":2,"href":"https:\/\/zango.co.ao\/index.php\/wp-json\/wp\/v2\/posts\/9786\/revisions"}],"predecessor-version":[{"id":9802,"href":"https:\/\/zango.co.ao\/index.php\/wp-json\/wp\/v2\/posts\/9786\/revisions\/9802"}],"wp:featuredmedia":[{"embeddable":true,"href":"https:\/\/zango.co.ao\/index.php\/wp-json\/wp\/v2\/media\/9787"}],"wp:attachment":[{"href":"https:\/\/zango.co.ao\/index.php\/wp-json\/wp\/v2\/media?parent=9786"}],"wp:term":[{"taxonomy":"category","embeddable":true,"href":"https:\/\/zango.co.ao\/index.php\/wp-json\/wp\/v2\/categories?post=9786"},{"taxonomy":"post_tag","embeddable":true,"href":"https:\/\/zango.co.ao\/index.php\/wp-json\/wp\/v2\/tags?post=9786"}],"curies":[{"name":"wp","href":"https:\/\/api.w.org\/{rel}","templated":true}]}}